{"id":99978,"date":"2026-05-02T14:20:31","date_gmt":"2026-05-02T11:20:31","guid":{"rendered":"https:\/\/www.egemtv.com\/?p=99978"},"modified":"2026-05-02T14:20:32","modified_gmt":"2026-05-02T11:20:32","slug":"aydina-kuvvetli-yagis-uyarisi-10","status":"publish","type":"post","link":"https:\/\/www.egemtv.com\/?p=99978","title":{"rendered":"Ayd\u0131n\u2019a kuvvetli ya\u011f\u0131\u015f uyar\u0131s\u0131"},"content":{"rendered":"<p>Ayd\u0131n\u2019da yar\u0131n sabah saatlerinden itibaren il merkezi ve do\u011fu il\u00e7elerinde ya\u011f\u0131\u015flar\u0131n yerel olarak kuvvetli olmas\u0131 bekleniyor.<\/p>\n<p>Meteoroloji\u2019den yap\u0131lan a\u00e7\u0131klamada, &#8220;Yap\u0131lan son de\u011ferlendirmelere g\u00f6re; 03.05.2026 Pazar g\u00fcn\u00fc sabah saatlerinden itibaren Ayd\u0131n il Merkezi ve Do\u011fu il\u00e7elerinde (Germencik, \u0130ncirliova Ko\u00e7arl\u0131, Efeler, Karpuzlu, \u00c7ine K\u00f6\u015fk, Sultanhisar, Yenipazar, Bozdo\u011fan, Nazilli, Kuyucak, Karacasu, Buharkent) yerel olarak kuvvetli (21-50 kg\/m2), ya\u011f\u0131\u015flar\u0131n olaca\u011f\u0131 tahmin ediliyor. 04.05.2026 Pazartesi g\u00fcn\u00fc \u00f6\u011flen saatlerine kadar etkisini s\u00fcrd\u00fcrmesi beklenen kuvvetli ya\u011f\u0131\u015flarla birlikte sel, su bask\u0131n\u0131, heyelan, ula\u015f\u0131mda aksamalar, ya\u011f\u0131\u015f an\u0131nda kuvvetli r\u00fczgar gibi olumsuzluklara kar\u015f\u0131 dikkatli ve tedbirli olunmal\u0131d\u0131r&#8221; denildi.<br \/><\/p>\n","protected":false},"excerpt":{"rendered":"<p>Ayd\u0131n\u2019da yar\u0131n sabah saatlerinden itibaren il merkezi ve do\u011fu il\u00e7elerinde ya\u011f\u0131\u015flar\u0131n yerel olarak kuvvetli olmas\u0131 bekleniyor. Meteoroloji\u2019den yap\u0131lan a\u00e7\u0131klamada, &#8220;Yap\u0131lan son de\u011ferlendirmelere g\u00f6re; 03.05.2026 Pazar g\u00fcn\u00fc sabah saatlerinden itibaren Ayd\u0131n il Merkezi ve Do\u011fu il\u00e7elerinde (Germencik, \u0130ncirliova Ko\u00e7arl\u0131, Efeler, Karpuzlu, \u00c7ine K\u00f6\u015fk, Sultanhisar, Yenipazar, Bozdo\u011fan, Nazilli, Kuyucak, Karacasu, Buharkent) yerel olarak kuvvetli (21-50 kg\/m2), ya\u011f\u0131\u015flar\u0131n&#8230;<\/p>\n","protected":false},"author":1,"featured_media":99979,"comment_status":"open","ping_status":"open","sticky":false,"template":"","format":"standard","meta":{"_crdt_document":"","footnotes":""},"categories":[1],"tags":[],"class_list":["post-99978","post","type-post","status-publish","format-standard","has-post-thumbnail","hentry","category-guncel"],"_links":{"self":[{"href":"https:\/\/www.egemtv.com\/index.php?rest_route=\/wp\/v2\/posts\/99978","targetHints":{"allow":["GET"]}}],"collection":[{"href":"https:\/\/www.egemtv.com\/index.php?rest_route=\/wp\/v2\/posts"}],"about":[{"href":"https:\/\/www.egemtv.com\/index.php?rest_route=\/wp\/v2\/types\/post"}],"author":[{"embeddable":true,"href":"https:\/\/www.egemtv.com\/index.php?rest_route=\/wp\/v2\/users\/1"}],"replies":[{"embeddable":true,"href":"https:\/\/www.egemtv.com\/index.php?rest_route=%2Fwp%2Fv2%2Fcomments&post=99978"}],"version-history":[{"count":1,"href":"https:\/\/www.egemtv.com\/index.php?rest_route=\/wp\/v2\/posts\/99978\/revisions"}],"predecessor-version":[{"id":99980,"href":"https:\/\/www.egemtv.com\/index.php?rest_route=\/wp\/v2\/posts\/99978\/revisions\/99980"}],"wp:featuredmedia":[{"embeddable":true,"href":"https:\/\/www.egemtv.com\/index.php?rest_route=\/wp\/v2\/media\/99979"}],"wp:attachment":[{"href":"https:\/\/www.egemtv.com\/index.php?rest_route=%2Fwp%2Fv2%2Fmedia&parent=99978"}],"wp:term":[{"taxonomy":"category","embeddable":true,"href":"https:\/\/www.egemtv.com\/index.php?rest_route=%2Fwp%2Fv2%2Fcategories&post=99978"},{"taxonomy":"post_tag","embeddable":true,"href":"https:\/\/www.egemtv.com\/index.php?rest_route=%2Fwp%2Fv2%2Ftags&post=99978"}],"curies":[{"name":"wp","href":"https:\/\/api.w.org\/{rel}","templated":true}]}}