{"id":99969,"date":"2026-05-02T13:45:46","date_gmt":"2026-05-02T10:45:46","guid":{"rendered":"https:\/\/www.egemtv.com\/?p=99969"},"modified":"2026-05-02T13:45:47","modified_gmt":"2026-05-02T10:45:47","slug":"genc-kramponlara-baskan-balabandan-destek","status":"publish","type":"post","link":"https:\/\/www.egemtv.com\/?p=99969","title":{"rendered":"Gen\u00e7 kramponlara Ba\u015fkan Balaban\u2019dan destek"},"content":{"rendered":"<p>Yunusemre Belediye Ba\u015fkan\u0131 Semih Balaban, T\u00fcrkiye \u015eampiyonas\u0131 \u00f6ncesi U18 tak\u0131m\u0131n\u0131 a\u011f\u0131rlayarak, &#8220;Sonu\u00e7 ne olursa olsun sizlerle gurur duyuyoruz.&#8221; dedi.<br \/>\n<br \/>Yunusemre Belediye Ba\u015fkan\u0131 Semih Balaban, 5-7 May\u0131s tarihlerinde K\u00fctahya\u2019da d\u00fczenlenecek T\u00fcrkiye \u015eampiyonas\u0131 1. Kademe M\u00fcsabakalar\u0131\u2019nda Manisa\u2019y\u0131 temsil edecek Yunusemre Belediyespor U18 Futbol Tak\u0131m\u0131\u2019n\u0131 makam\u0131nda a\u011f\u0131rlad\u0131.<br \/>\n<br \/>Gen\u00e7 sporcularla bir araya gelerek moral veren Ba\u015fkan Balaban, sporun sadece sonu\u00e7 odakl\u0131 olmad\u0131\u011f\u0131n\u0131 vurgulad\u0131. Gen\u00e7lere hitaben konu\u015fan Balaban, &#8220;Sizler bizim gelece\u011fimizsiniz. Sporun sadece sonu\u00e7tan ibaret olmad\u0131\u011f\u0131n\u0131 \u00e7ok iyi biliyoruz. Sahada verdi\u011finiz emek ve m\u00fccadele en az ba\u015far\u0131 kadar de\u011ferlidir. Bizim as\u0131l amac\u0131m\u0131z gen\u00e7lerimizin hayallerine giden yolda \u00f6nlerini a\u00e7makt\u0131r. Sonu\u00e7 ne olursa olsun sizlerle gurur duyuyoruz ve her zaman yan\u0131n\u0131zda olmaya devam edece\u011fiz&#8221; dedi.<br \/>\n<br \/>Yunusemre Belediyespor Kul\u00fcp Ba\u015fkan\u0131 B\u00fclent Kanik ise tak\u0131m\u0131n hedeflerine de\u011finerek, Manisa\u2019y\u0131 en iyi \u015fekilde temsil edeceklerine inand\u0131klar\u0131n\u0131 s\u00f6yledi. Kanik, &#8220;Bu sezon da g\u00fczel bir hikaye yazmak istiyoruz&#8221; ifadelerini kulland\u0131.<br \/>\n<br \/>Ziyarete Belediye Ba\u015fkan Yard\u0131mc\u0131s\u0131 Seyit Ali \u00d6zmen, Gen\u00e7lik ve Spor Hizmetleri M\u00fcd\u00fcr\u00fc Tuncay \u00d6zt\u00fcrk ile kul\u00fcp y\u00f6neticileri Y\u00fccel Ta\u015f\u00e7\u0131, Metin Kele\u015f, Necati T\u00fcrko\u011flular ve Burak Filiz de kat\u0131ld\u0131.<br \/>\n<br \/>Yunusemre Belediyespor U18 Tak\u0131m\u0131, K\u00fctahya\u2019da toplam 8 tak\u0131m\u0131n yer alaca\u011f\u0131 grup merkezinde; \u0130zmir ve Ankara\u2019dan iki\u015fer tak\u0131m\u0131n yan\u0131 s\u0131ra U\u015fak, Konya ve Denizli temsilcileriyle kar\u015f\u0131 kar\u015f\u0131ya gelecek.<br \/><\/p>\n","protected":false},"excerpt":{"rendered":"<p>Yunusemre Belediye Ba\u015fkan\u0131 Semih Balaban, T\u00fcrkiye \u015eampiyonas\u0131 \u00f6ncesi U18 tak\u0131m\u0131n\u0131 a\u011f\u0131rlayarak, &#8220;Sonu\u00e7 ne olursa olsun sizlerle gurur duyuyoruz.&#8221; dedi. Yunusemre Belediye Ba\u015fkan\u0131 Semih Balaban, 5-7 May\u0131s tarihlerinde K\u00fctahya\u2019da d\u00fczenlenecek T\u00fcrkiye \u015eampiyonas\u0131 1. Kademe M\u00fcsabakalar\u0131\u2019nda Manisa\u2019y\u0131 temsil edecek Yunusemre Belediyespor U18 Futbol Tak\u0131m\u0131\u2019n\u0131 makam\u0131nda a\u011f\u0131rlad\u0131. Gen\u00e7 sporcularla bir araya gelerek moral veren Ba\u015fkan Balaban, sporun sadece&#8230;<\/p>\n","protected":false},"author":1,"featured_media":99970,"comment_status":"open","ping_status":"open","sticky":false,"template":"","format":"standard","meta":{"_crdt_document":"","footnotes":""},"categories":[4],"tags":[],"class_list":["post-99969","post","type-post","status-publish","format-standard","has-post-thumbnail","hentry","category-spor"],"_links":{"self":[{"href":"https:\/\/www.egemtv.com\/index.php?rest_route=\/wp\/v2\/posts\/99969","targetHints":{"allow":["GET"]}}],"collection":[{"href":"https:\/\/www.egemtv.com\/index.php?rest_route=\/wp\/v2\/posts"}],"about":[{"href":"https:\/\/www.egemtv.com\/index.php?rest_route=\/wp\/v2\/types\/post"}],"author":[{"embeddable":true,"href":"https:\/\/www.egemtv.com\/index.php?rest_route=\/wp\/v2\/users\/1"}],"replies":[{"embeddable":true,"href":"https:\/\/www.egemtv.com\/index.php?rest_route=%2Fwp%2Fv2%2Fcomments&post=99969"}],"version-history":[{"count":1,"href":"https:\/\/www.egemtv.com\/index.php?rest_route=\/wp\/v2\/posts\/99969\/revisions"}],"predecessor-version":[{"id":99971,"href":"https:\/\/www.egemtv.com\/index.php?rest_route=\/wp\/v2\/posts\/99969\/revisions\/99971"}],"wp:featuredmedia":[{"embeddable":true,"href":"https:\/\/www.egemtv.com\/index.php?rest_route=\/wp\/v2\/media\/99970"}],"wp:attachment":[{"href":"https:\/\/www.egemtv.com\/index.php?rest_route=%2Fwp%2Fv2%2Fmedia&parent=99969"}],"wp:term":[{"taxonomy":"category","embeddable":true,"href":"https:\/\/www.egemtv.com\/index.php?rest_route=%2Fwp%2Fv2%2Fcategories&post=99969"},{"taxonomy":"post_tag","embeddable":true,"href":"https:\/\/www.egemtv.com\/index.php?rest_route=%2Fwp%2Fv2%2Ftags&post=99969"}],"curies":[{"name":"wp","href":"https:\/\/api.w.org\/{rel}","templated":true}]}}