{"id":99966,"date":"2026-05-02T13:10:42","date_gmt":"2026-05-02T10:10:42","guid":{"rendered":"https:\/\/www.egemtv.com\/?p=99966"},"modified":"2026-05-02T13:10:43","modified_gmt":"2026-05-02T10:10:43","slug":"mentesede-gelecegin-hitabet-ustalari-yaristi","status":"publish","type":"post","link":"https:\/\/www.egemtv.com\/?p=99966","title":{"rendered":"Mente\u015fe\u2019de gelece\u011fin hitabet ustalar\u0131 yar\u0131\u015ft\u0131"},"content":{"rendered":"<p>Mente\u015fe Gen\u00e7lik ve Spor \u0130l\u00e7e M\u00fcd\u00fcrl\u00fc\u011f\u00fc b\u00fcnyesinde yer alan Uluslararas\u0131 Gen\u00e7lik Merkezi, gen\u00e7lerin fikir d\u00fcnyas\u0131na \u0131\u015f\u0131k tutan &#8220;T\u00fcrkiye M\u00fcnazara Yar\u0131\u015fmas\u0131 Mente\u015fe \u0130l\u00e7e Finali&#8221;ne ev sahipli\u011fi yapt\u0131. Gen\u00e7lerin \u00f6zg\u00fcveni ve g\u00fc\u00e7l\u00fc arg\u00fcmanlar\u0131yla dikkat \u00e7ekti\u011fi final program\u0131, b\u00fcy\u00fck bir heyecana sahne oldu.<br \/>\n<br \/>Mente\u015fe\u2019de gen\u00e7lerin etkili ileti\u015fim kurma, analiz yapma ve demokratik tart\u0131\u015fma k\u00fclt\u00fcr\u00fcn\u00fc benimseme amac\u0131yla d\u00fczenlenen m\u00fcnazara yar\u0131\u015fmas\u0131 tamamland\u0131. Uluslararas\u0131 Gen\u00e7lik Merkezi taraf\u0131ndan organize edilen etkinlikte, il\u00e7edeki gen\u00e7ler bilgi birikimlerini ve hitabet yeteneklerini sergileme f\u0131rsat\u0131 buldu.<br \/>\n<br \/>Yar\u0131\u015fmac\u0131 tak\u0131mlar; ele\u015ftirel d\u00fc\u015f\u00fcnme, h\u0131zl\u0131 karar verme ve ikna kabiliyeti gibi kriterler \u00fczerinden j\u00fcri kar\u015f\u0131s\u0131na \u00e7\u0131kt\u0131. Tak\u0131m \u00e7al\u0131\u015fmas\u0131n\u0131n en g\u00fczel \u00f6rneklerinin sergilendi\u011fi finalde, gen\u00e7lerin g\u00fcncel konular \u00fczerine geli\u015ftirdi\u011fi seviyeli tart\u0131\u015fma ortam\u0131 izleyicilerden tam not ald\u0131. Kat\u0131l\u0131mc\u0131lar, savunduklar\u0131 fikirleri g\u00fc\u00e7l\u00fc arg\u00fcmanlarla destekleyerek j\u00fcri \u00fcyelerini etkilemeyi ba\u015fard\u0131.<br \/>\n<br \/>Mente\u015fe Gen\u00e7lik ve Spor \u0130l\u00e7e M\u00fcd\u00fcrl\u00fc\u011f\u00fc yetkilileri, \u00f6d\u00fcl t\u00f6reninin ard\u0131ndan yapt\u0131klar\u0131 a\u00e7\u0131klamada \u015fu ifadelere yer verdi:&#8221;Gen\u00e7lerin sosyal, k\u00fclt\u00fcrel ve akademik geli\u015fimlerine katk\u0131 sa\u011flayan bu t\u00fcr faaliyetler, onlar\u0131n kendilerini \u00f6zg\u00fcrce ifade edebilmeleri ad\u0131na \u00e7ok \u00f6nemli bir platform sunuyor. Bu seviyeli tart\u0131\u015fma ortam\u0131n\u0131 olu\u015fturan t\u00fcm gen\u00e7lerimizi tebrik ediyoruz. Bu tarz e\u011fitim ve k\u00fclt\u00fcr odakl\u0131 projelerimiz artarak devam edecek.&#8221;<br \/>\n<br \/>Yar\u0131\u015fma sonunda sergiledikleri \u00fcst\u00fcn performansla dereceye giren tak\u0131mlara \u00f6d\u00fclleri takdim edilirken, kat\u0131l\u0131m sa\u011flayan t\u00fcm \u00f6\u011frencilere cesaretleri ve emekleri i\u00e7in te\u015fekk\u00fcr edildi.<br \/><\/p>\n","protected":false},"excerpt":{"rendered":"<p>Mente\u015fe Gen\u00e7lik ve Spor \u0130l\u00e7e M\u00fcd\u00fcrl\u00fc\u011f\u00fc b\u00fcnyesinde yer alan Uluslararas\u0131 Gen\u00e7lik Merkezi, gen\u00e7lerin fikir d\u00fcnyas\u0131na \u0131\u015f\u0131k tutan &#8220;T\u00fcrkiye M\u00fcnazara Yar\u0131\u015fmas\u0131 Mente\u015fe \u0130l\u00e7e Finali&#8221;ne ev sahipli\u011fi yapt\u0131. Gen\u00e7lerin \u00f6zg\u00fcveni ve g\u00fc\u00e7l\u00fc arg\u00fcmanlar\u0131yla dikkat \u00e7ekti\u011fi final program\u0131, b\u00fcy\u00fck bir heyecana sahne oldu. Mente\u015fe\u2019de gen\u00e7lerin etkili ileti\u015fim kurma, analiz yapma ve demokratik tart\u0131\u015fma k\u00fclt\u00fcr\u00fcn\u00fc benimseme amac\u0131yla d\u00fczenlenen m\u00fcnazara&#8230;<\/p>\n","protected":false},"author":1,"featured_media":99967,"comment_status":"open","ping_status":"open","sticky":false,"template":"","format":"standard","meta":{"_crdt_document":"","footnotes":""},"categories":[1],"tags":[],"class_list":["post-99966","post","type-post","status-publish","format-standard","has-post-thumbnail","hentry","category-guncel"],"_links":{"self":[{"href":"https:\/\/www.egemtv.com\/index.php?rest_route=\/wp\/v2\/posts\/99966","targetHints":{"allow":["GET"]}}],"collection":[{"href":"https:\/\/www.egemtv.com\/index.php?rest_route=\/wp\/v2\/posts"}],"about":[{"href":"https:\/\/www.egemtv.com\/index.php?rest_route=\/wp\/v2\/types\/post"}],"author":[{"embeddable":true,"href":"https:\/\/www.egemtv.com\/index.php?rest_route=\/wp\/v2\/users\/1"}],"replies":[{"embeddable":true,"href":"https:\/\/www.egemtv.com\/index.php?rest_route=%2Fwp%2Fv2%2Fcomments&post=99966"}],"version-history":[{"count":1,"href":"https:\/\/www.egemtv.com\/index.php?rest_route=\/wp\/v2\/posts\/99966\/revisions"}],"predecessor-version":[{"id":99968,"href":"https:\/\/www.egemtv.com\/index.php?rest_route=\/wp\/v2\/posts\/99966\/revisions\/99968"}],"wp:featuredmedia":[{"embeddable":true,"href":"https:\/\/www.egemtv.com\/index.php?rest_route=\/wp\/v2\/media\/99967"}],"wp:attachment":[{"href":"https:\/\/www.egemtv.com\/index.php?rest_route=%2Fwp%2Fv2%2Fmedia&parent=99966"}],"wp:term":[{"taxonomy":"category","embeddable":true,"href":"https:\/\/www.egemtv.com\/index.php?rest_route=%2Fwp%2Fv2%2Fcategories&post=99966"},{"taxonomy":"post_tag","embeddable":true,"href":"https:\/\/www.egemtv.com\/index.php?rest_route=%2Fwp%2Fv2%2Ftags&post=99966"}],"curies":[{"name":"wp","href":"https:\/\/api.w.org\/{rel}","templated":true}]}}