{"id":99963,"date":"2026-05-02T13:10:41","date_gmt":"2026-05-02T10:10:41","guid":{"rendered":"https:\/\/www.egemtv.com\/?p=99963"},"modified":"2026-05-02T13:10:41","modified_gmt":"2026-05-02T10:10:41","slug":"muglaspor-kulubu-baskani-kiyanctan-vali-akbiyik-ve-baskanlara-tesekkur-mesaji","status":"publish","type":"post","link":"https:\/\/www.egemtv.com\/?p=99963","title":{"rendered":"Mu\u011flaspor Kul\u00fcb\u00fc Ba\u015fkan\u0131 K\u0131yan\u00e7\u2019tan Vali Akb\u0131y\u0131k ve ba\u015fkanlara te\u015fekk\u00fcr mesaj\u0131"},"content":{"rendered":"<p>Mu\u011flaspor Kul\u00fcb\u00fc Ba\u015fkan\u0131 Menaf K\u0131yan\u00e7, kul\u00fcbe verilen desteklere ili\u015fkin kapsaml\u0131 bir te\u015fekk\u00fcr mesaj\u0131 yay\u0131mlad\u0131. K\u0131yan\u00e7, \u00f6zellikle son s\u00fcre\u00e7te ortaya konan birlik ve dayan\u0131\u015fman\u0131n Mu\u011flaspor\u2019un hedeflerine ula\u015fmas\u0131nda en b\u00fcy\u00fck g\u00fc\u00e7 oldu\u011funu vurgulad\u0131.<br \/>\n<br \/>Ba\u015fkan K\u0131yan\u00e7, mesaj\u0131n\u0131n ba\u015f\u0131nda Mu\u011fla Valisi Dr. \u0130dris Akb\u0131y\u0131k\u2019a destekleri \u015fu ifadeleri kulland\u0131:<br \/>\n<br \/>&#8220;Say\u0131n Valimiz, ay\u0131n 19\u2019undan bu yana hi\u00e7bir \u015fart g\u00f6zetmeksizin, amas\u0131z ve fakats\u0131z \u015fekilde kul\u00fcb\u00fcm\u00fcz\u00fcn yan\u0131nda yer alm\u0131\u015ft\u0131r. Bu s\u00fcre\u00e7te devletimizin g\u00fcc\u00fcn\u00fc sadece hissetmekle kalmad\u0131k, her an arkam\u0131zda g\u00f6rd\u00fck. Gerek s\u00fcreci yak\u0131ndan takip etmesi, gerek kul\u00fcb\u00fcm\u00fcz\u00fcn ihtiya\u00e7lar\u0131na h\u0131zl\u0131 \u015fekilde \u00e7\u00f6z\u00fcm \u00fcretmesi, gerekse ortaya koydu\u011fu sahiplenme duygusu bizler i\u00e7in son derece k\u0131ymetlidir. Mu\u011flaspor\u2019un yaln\u0131z olmad\u0131\u011f\u0131n\u0131, devletimizin t\u00fcm imk\u00e2nlar\u0131yla yan\u0131m\u0131zda oldu\u011funu bizlere hissettirmi\u015ftir. Bu g\u00fc\u00e7l\u00fc duru\u015f, camiam\u0131za moral ve motivasyon olmu\u015ftur. Kendisine camiam\u0131z ad\u0131na en i\u00e7ten te\u015fekk\u00fcrlerimi sunuyorum&#8221;<br \/>\n<br \/>Mu\u011fla B\u00fcy\u00fck\u015fehir Belediye Ba\u015fkan\u0131 Ahmet Aras\u2019\u0131n deste\u011fine de de\u011finen K\u0131yan\u00e7, &#8220;Say\u0131n Ahmet Aras\u2019\u0131n sa\u011fl\u0131k durumuna ra\u011fmen \u015eanl\u0131urfaspor ma\u00e7\u0131nda tak\u0131m\u0131m\u0131z\u0131n yan\u0131nda olmas\u0131, iki g\u00fcn boyunca bizlerle vakit ge\u00e7irmesi ve deste\u011fini sahada hissettirmesi, Mu\u011flaspor\u2019a verdi\u011fi de\u011ferin en a\u00e7\u0131k g\u00f6stergesidir. \u015eehrin ad\u0131n\u0131 ta\u015f\u0131yan kul\u00fcb\u00fcm\u00fcz i\u00e7in ortaya koydu\u011fu bu fedak\u00e2rl\u0131k bizim i\u00e7in \u00e7ok \u00e7ok de\u011ferlidir&#8221; dedi.<br \/>\n<br \/>K\u0131yan\u00e7, siyasi parti temsilcilerine ve sivil toplum kurulu\u015flar\u0131na da verdikleri destek i\u00e7in te\u015fekk\u00fcr ederken, a\u00e7\u0131klamas\u0131n\u0131n sonunda birlik ve hedef vurgusu yaparak \u015fu ifadeleri kulland\u0131:<br \/>\n<br \/>&#8220;Biz bu yolda ahlakl\u0131 de\u011ferlerle m\u00fccadele ediyoruz. Mu\u011flaspor\u2019u en iyi \u015fekilde temsil etmek i\u00e7in \u00e7al\u0131\u015f\u0131yoruz. Bu \u015fehir birlik oldu\u011fu s\u00fcrece ba\u015far\u0131n\u0131n gelmemesi i\u00e7in hi\u00e7bir neden yok. \u0130nan\u0131yorum ki bu birlik ve beraberlik devam etti\u011fi s\u00fcrece Mu\u011flaspor\u2019u hak etti\u011fi yere, 1. Lig\u2019e ta\u015f\u0131yaca\u011f\u0131z. Bu s\u00fcre\u00e7 \u00e7ok k\u0131ymetli. Mu\u011flaspor bu \u015fehrin en \u00f6nemli de\u011ferlerinden biridir. Bu de\u011fere sahip \u00e7\u0131kan, yan\u0131nda duran herkese g\u00f6n\u00fclden te\u015fekk\u00fcr ediyorum.&#8221;<br \/><\/p>\n","protected":false},"excerpt":{"rendered":"<p>Mu\u011flaspor Kul\u00fcb\u00fc Ba\u015fkan\u0131 Menaf K\u0131yan\u00e7, kul\u00fcbe verilen desteklere ili\u015fkin kapsaml\u0131 bir te\u015fekk\u00fcr mesaj\u0131 yay\u0131mlad\u0131. K\u0131yan\u00e7, \u00f6zellikle son s\u00fcre\u00e7te ortaya konan birlik ve dayan\u0131\u015fman\u0131n Mu\u011flaspor\u2019un hedeflerine ula\u015fmas\u0131nda en b\u00fcy\u00fck g\u00fc\u00e7 oldu\u011funu vurgulad\u0131. Ba\u015fkan K\u0131yan\u00e7, mesaj\u0131n\u0131n ba\u015f\u0131nda Mu\u011fla Valisi Dr. \u0130dris Akb\u0131y\u0131k\u2019a destekleri \u015fu ifadeleri kulland\u0131: &#8220;Say\u0131n Valimiz, ay\u0131n 19\u2019undan bu yana hi\u00e7bir \u015fart g\u00f6zetmeksizin, amas\u0131z ve&#8230;<\/p>\n","protected":false},"author":1,"featured_media":99964,"comment_status":"open","ping_status":"open","sticky":false,"template":"","format":"standard","meta":{"_crdt_document":"","footnotes":""},"categories":[4],"tags":[],"class_list":["post-99963","post","type-post","status-publish","format-standard","has-post-thumbnail","hentry","category-spor"],"_links":{"self":[{"href":"https:\/\/www.egemtv.com\/index.php?rest_route=\/wp\/v2\/posts\/99963","targetHints":{"allow":["GET"]}}],"collection":[{"href":"https:\/\/www.egemtv.com\/index.php?rest_route=\/wp\/v2\/posts"}],"about":[{"href":"https:\/\/www.egemtv.com\/index.php?rest_route=\/wp\/v2\/types\/post"}],"author":[{"embeddable":true,"href":"https:\/\/www.egemtv.com\/index.php?rest_route=\/wp\/v2\/users\/1"}],"replies":[{"embeddable":true,"href":"https:\/\/www.egemtv.com\/index.php?rest_route=%2Fwp%2Fv2%2Fcomments&post=99963"}],"version-history":[{"count":1,"href":"https:\/\/www.egemtv.com\/index.php?rest_route=\/wp\/v2\/posts\/99963\/revisions"}],"predecessor-version":[{"id":99965,"href":"https:\/\/www.egemtv.com\/index.php?rest_route=\/wp\/v2\/posts\/99963\/revisions\/99965"}],"wp:featuredmedia":[{"embeddable":true,"href":"https:\/\/www.egemtv.com\/index.php?rest_route=\/wp\/v2\/media\/99964"}],"wp:attachment":[{"href":"https:\/\/www.egemtv.com\/index.php?rest_route=%2Fwp%2Fv2%2Fmedia&parent=99963"}],"wp:term":[{"taxonomy":"category","embeddable":true,"href":"https:\/\/www.egemtv.com\/index.php?rest_route=%2Fwp%2Fv2%2Fcategories&post=99963"},{"taxonomy":"post_tag","embeddable":true,"href":"https:\/\/www.egemtv.com\/index.php?rest_route=%2Fwp%2Fv2%2Ftags&post=99963"}],"curies":[{"name":"wp","href":"https:\/\/api.w.org\/{rel}","templated":true}]}}