{"id":99960,"date":"2026-05-02T13:10:40","date_gmt":"2026-05-02T10:10:40","guid":{"rendered":"https:\/\/www.egemtv.com\/?p=99960"},"modified":"2026-05-02T13:10:40","modified_gmt":"2026-05-02T10:10:40","slug":"parmagina-yuzuk-sikisan-vatandasin-imdadina-itfaiye-ekipleri-yetisti","status":"publish","type":"post","link":"https:\/\/www.egemtv.com\/?p=99960","title":{"rendered":"Parma\u011f\u0131na y\u00fcz\u00fck s\u0131k\u0131\u015fan vatanda\u015f\u0131n imdad\u0131na itfaiye ekipleri yeti\u015fti"},"content":{"rendered":"<p>Afyonkarahisar\u2019da parma\u011f\u0131na y\u00fcz\u00fck s\u0131k\u0131\u015fan bir vatanda\u015f\u0131n imdad\u0131na itfaiye ekipleri yeti\u015firken, ekipler ger\u00e7ekle\u015ftirdikleri titiz \u00e7al\u0131\u015fma sonucu y\u00fcz\u00fc\u011f\u00fc keserek \u00e7\u0131kard\u0131.<br \/>\n<br \/>Edinilen bilgilere g\u00f6re, parma\u011f\u0131ndaki y\u00fcz\u00fc\u011f\u00fc kendi imkanlar\u0131yla \u00e7\u0131karamayan ve parma\u011f\u0131nda \u015fi\u015flik ile a\u011fr\u0131 olu\u015fan vatanda\u015f Sand\u0131kl\u0131 Devlet Hastanesi Acil Servisi\u2019ne m\u00fcracaat etti. Acil serviste yap\u0131lan ilk kontrollerin ard\u0131ndan y\u00fcz\u00fc\u011f\u00fcn t\u0131bbi m\u00fcdahaleyle \u00e7\u0131kar\u0131lamayaca\u011f\u0131n\u0131 g\u00f6ren doktorlar, Sand\u0131kl\u0131 Belediyesi \u0130tfaiye ekiplerinden yard\u0131m istedi. K\u0131sa s\u00fcrede hastaneye ula\u015fan itfaiye ekipleri, parma\u011f\u0131n zarar g\u00f6rmemesi i\u00e7in \u00f6zel kesme aparatlar\u0131 kullanarak dikkatli bir \u00e7al\u0131\u015fma ger\u00e7ekle\u015ftirdi.<br \/>\n<br \/>\u0130tfaiye ekiplerinin yakla\u015f\u0131k yar\u0131m saat s\u00fcren hassas m\u00fcdahalesiyle y\u00fcz\u00fck kesilerek vatanda\u015f\u0131n parma\u011f\u0131ndan ba\u015far\u0131yla \u00e7\u0131kar\u0131ld\u0131. Rahat bir nefes alan vatanda\u015f, itfaiye ve hastane personeline te\u015fekk\u00fcr etti.<br \/><\/p>\n","protected":false},"excerpt":{"rendered":"<p>Afyonkarahisar\u2019da parma\u011f\u0131na y\u00fcz\u00fck s\u0131k\u0131\u015fan bir vatanda\u015f\u0131n imdad\u0131na itfaiye ekipleri yeti\u015firken, ekipler ger\u00e7ekle\u015ftirdikleri titiz \u00e7al\u0131\u015fma sonucu y\u00fcz\u00fc\u011f\u00fc keserek \u00e7\u0131kard\u0131. Edinilen bilgilere g\u00f6re, parma\u011f\u0131ndaki y\u00fcz\u00fc\u011f\u00fc kendi imkanlar\u0131yla \u00e7\u0131karamayan ve parma\u011f\u0131nda \u015fi\u015flik ile a\u011fr\u0131 olu\u015fan vatanda\u015f Sand\u0131kl\u0131 Devlet Hastanesi Acil Servisi\u2019ne m\u00fcracaat etti. Acil serviste yap\u0131lan ilk kontrollerin ard\u0131ndan y\u00fcz\u00fc\u011f\u00fcn t\u0131bbi m\u00fcdahaleyle \u00e7\u0131kar\u0131lamayaca\u011f\u0131n\u0131 g\u00f6ren doktorlar, Sand\u0131kl\u0131 Belediyesi \u0130tfaiye&#8230;<\/p>\n","protected":false},"author":1,"featured_media":99961,"comment_status":"open","ping_status":"open","sticky":false,"template":"","format":"standard","meta":{"_crdt_document":"","footnotes":""},"categories":[5],"tags":[],"class_list":["post-99960","post","type-post","status-publish","format-standard","has-post-thumbnail","hentry","category-asayis"],"_links":{"self":[{"href":"https:\/\/www.egemtv.com\/index.php?rest_route=\/wp\/v2\/posts\/99960","targetHints":{"allow":["GET"]}}],"collection":[{"href":"https:\/\/www.egemtv.com\/index.php?rest_route=\/wp\/v2\/posts"}],"about":[{"href":"https:\/\/www.egemtv.com\/index.php?rest_route=\/wp\/v2\/types\/post"}],"author":[{"embeddable":true,"href":"https:\/\/www.egemtv.com\/index.php?rest_route=\/wp\/v2\/users\/1"}],"replies":[{"embeddable":true,"href":"https:\/\/www.egemtv.com\/index.php?rest_route=%2Fwp%2Fv2%2Fcomments&post=99960"}],"version-history":[{"count":1,"href":"https:\/\/www.egemtv.com\/index.php?rest_route=\/wp\/v2\/posts\/99960\/revisions"}],"predecessor-version":[{"id":99962,"href":"https:\/\/www.egemtv.com\/index.php?rest_route=\/wp\/v2\/posts\/99960\/revisions\/99962"}],"wp:featuredmedia":[{"embeddable":true,"href":"https:\/\/www.egemtv.com\/index.php?rest_route=\/wp\/v2\/media\/99961"}],"wp:attachment":[{"href":"https:\/\/www.egemtv.com\/index.php?rest_route=%2Fwp%2Fv2%2Fmedia&parent=99960"}],"wp:term":[{"taxonomy":"category","embeddable":true,"href":"https:\/\/www.egemtv.com\/index.php?rest_route=%2Fwp%2Fv2%2Fcategories&post=99960"},{"taxonomy":"post_tag","embeddable":true,"href":"https:\/\/www.egemtv.com\/index.php?rest_route=%2Fwp%2Fv2%2Ftags&post=99960"}],"curies":[{"name":"wp","href":"https:\/\/api.w.org\/{rel}","templated":true}]}}