{"id":99954,"date":"2026-05-02T12:35:35","date_gmt":"2026-05-02T09:35:35","guid":{"rendered":"https:\/\/www.egemtv.com\/?p=99954"},"modified":"2026-05-02T12:35:36","modified_gmt":"2026-05-02T09:35:36","slug":"afyonkarahisarli-sporcular-karstaki-gures-sampiyonasindan-madalyalarla-dondu","status":"publish","type":"post","link":"https:\/\/www.egemtv.com\/?p=99954","title":{"rendered":"Afyonkarahisar\u2019l\u0131 sporcular Kars\u2019taki g\u00fcre\u015f \u015fampiyonas\u0131ndan madalyalarla d\u00f6nd\u00fc"},"content":{"rendered":"<p>Kars\u2019ta d\u00fczenlen U15 T\u00fcrkiye G\u00fcre\u015f \u015eampiyonas\u0131na kat\u0131lan Afyonkarahisar\u2019l\u0131 sporcular yar\u0131\u015fmada \u00e7ok say\u0131da madalya kazand\u0131.<br \/>\n<br \/>Kars\u2019ta ger\u00e7ekle\u015ftirilen yar\u0131\u015fmada farkl\u0131 kilogram kategorilerinde Afyonkarahisarl\u0131 sporculardan Sebahat I\u015f\u0131k\u00e7\u0131, Abdullah Sar\u0131 T\u00fcrkiye \u015fampiyonu olurken, Ravza Sivrikaya T\u00fcrkiye \u0130kincisi, Elvan Ebrar G\u00f6kbulut, Ecrin Dudu G\u00fcm\u00fc\u015f, Batuhan Bozdo\u011fan, T\u00fcrkiye \u00fc\u00e7\u00fcnc\u00fcs\u00fc olurken, Abdullah Sar\u0131 isimli sporcu ise \u2019En Centilmen Sporcu\u2019 \u00f6d\u00fcl\u00fc ald\u0131.<br \/>\n<br \/>Yar\u0131\u015fman\u0131n ard\u0131ndan Afyonkarahisar Gen\u00e7lik ve Spor \u0130l M\u00fcd\u00fcrl\u00fc\u011f\u00fcnden yap\u0131lan a\u00e7\u0131klamada ise &#8220;Bulgaristan\u2019da d\u00fczenlenecek U-15 Avrupa \u015eampiyonas\u0131\u2019nda \u00fclkemizi temsil edecek sporcular\u0131m\u0131z Abdullah Sar\u0131 ve Sebahat I\u015f\u0131k\u00e7\u0131 ba\u015fta olmak \u00fczere, milli tak\u0131ma se\u00e7ilen t\u00fcm sporcular\u0131m\u0131z\u0131 ve antren\u00f6rlerimizi tebrik ediyor; uluslararas\u0131 arenada ba\u015far\u0131lar diliyoruz&#8221; ifadelerine yer verildi.<br \/><\/p>\n","protected":false},"excerpt":{"rendered":"<p>Kars\u2019ta d\u00fczenlen U15 T\u00fcrkiye G\u00fcre\u015f \u015eampiyonas\u0131na kat\u0131lan Afyonkarahisar\u2019l\u0131 sporcular yar\u0131\u015fmada \u00e7ok say\u0131da madalya kazand\u0131. Kars\u2019ta ger\u00e7ekle\u015ftirilen yar\u0131\u015fmada farkl\u0131 kilogram kategorilerinde Afyonkarahisarl\u0131 sporculardan Sebahat I\u015f\u0131k\u00e7\u0131, Abdullah Sar\u0131 T\u00fcrkiye \u015fampiyonu olurken, Ravza Sivrikaya T\u00fcrkiye \u0130kincisi, Elvan Ebrar G\u00f6kbulut, Ecrin Dudu G\u00fcm\u00fc\u015f, Batuhan Bozdo\u011fan, T\u00fcrkiye \u00fc\u00e7\u00fcnc\u00fcs\u00fc olurken, Abdullah Sar\u0131 isimli sporcu ise \u2019En Centilmen Sporcu\u2019 \u00f6d\u00fcl\u00fc ald\u0131. Yar\u0131\u015fman\u0131n&#8230;<\/p>\n","protected":false},"author":1,"featured_media":99955,"comment_status":"open","ping_status":"open","sticky":false,"template":"","format":"standard","meta":{"_crdt_document":"","footnotes":""},"categories":[4],"tags":[],"class_list":["post-99954","post","type-post","status-publish","format-standard","has-post-thumbnail","hentry","category-spor"],"_links":{"self":[{"href":"https:\/\/www.egemtv.com\/index.php?rest_route=\/wp\/v2\/posts\/99954","targetHints":{"allow":["GET"]}}],"collection":[{"href":"https:\/\/www.egemtv.com\/index.php?rest_route=\/wp\/v2\/posts"}],"about":[{"href":"https:\/\/www.egemtv.com\/index.php?rest_route=\/wp\/v2\/types\/post"}],"author":[{"embeddable":true,"href":"https:\/\/www.egemtv.com\/index.php?rest_route=\/wp\/v2\/users\/1"}],"replies":[{"embeddable":true,"href":"https:\/\/www.egemtv.com\/index.php?rest_route=%2Fwp%2Fv2%2Fcomments&post=99954"}],"version-history":[{"count":1,"href":"https:\/\/www.egemtv.com\/index.php?rest_route=\/wp\/v2\/posts\/99954\/revisions"}],"predecessor-version":[{"id":99956,"href":"https:\/\/www.egemtv.com\/index.php?rest_route=\/wp\/v2\/posts\/99954\/revisions\/99956"}],"wp:featuredmedia":[{"embeddable":true,"href":"https:\/\/www.egemtv.com\/index.php?rest_route=\/wp\/v2\/media\/99955"}],"wp:attachment":[{"href":"https:\/\/www.egemtv.com\/index.php?rest_route=%2Fwp%2Fv2%2Fmedia&parent=99954"}],"wp:term":[{"taxonomy":"category","embeddable":true,"href":"https:\/\/www.egemtv.com\/index.php?rest_route=%2Fwp%2Fv2%2Fcategories&post=99954"},{"taxonomy":"post_tag","embeddable":true,"href":"https:\/\/www.egemtv.com\/index.php?rest_route=%2Fwp%2Fv2%2Ftags&post=99954"}],"curies":[{"name":"wp","href":"https:\/\/api.w.org\/{rel}","templated":true}]}}