{"id":99951,"date":"2026-05-02T12:00:28","date_gmt":"2026-05-02T09:00:28","guid":{"rendered":"https:\/\/www.egemtv.com\/?p=99951"},"modified":"2026-05-02T12:00:29","modified_gmt":"2026-05-02T09:00:29","slug":"dazkirida-cami-temeli-atilip-haci-adaylari-bilgilendirildi","status":"publish","type":"post","link":"https:\/\/www.egemtv.com\/?p=99951","title":{"rendered":"Dazk\u0131r\u0131\u2019da cami temeli at\u0131l\u0131p, hac\u0131 adaylar\u0131 bilgilendirildi"},"content":{"rendered":"<p>Afyonkarahisar\u2019\u0131n Dazk\u0131r\u0131 il\u00e7esinde Kur\u2019an kursunun temeli at\u0131larak, hac ibadetlerini yerine getirmek i\u00e7in Dazk\u0131r\u0131\u2019dan kutsal topraklara gidecek hac\u0131 adaylar\u0131 i\u00e7in bilgilendirme yap\u0131ld\u0131.<br \/>\n<br \/>\u0130l M\u00fcft\u00fcs\u00fc L\u00fctf\u00fc \u0130mamo\u011flu, Dazk\u0131r\u0131 il\u00e7esine bir ziyaret ger\u00e7ekle\u015ftirdi. Ziyaret program\u0131nda Fatih Camii m\u00fc\u015ftemilat\u0131nda yap\u0131lacak olan Kur\u2019an Kursu in\u015faat\u0131n\u0131n temel atma t\u00f6reni \u0130mamo\u011flu, il\u00e7e protokol\u00fc ve vatanda\u015flar\u0131n kat\u0131l\u0131m\u0131yla yap\u0131ld\u0131.<br \/>\n<br \/>Programda hac ibadetlerini yerine getirmek i\u00e7in Dazk\u0131r\u0131\u2019dan kutsal topraklara hareket edecek hac\u0131 adaylar\u0131 i\u00e7in u\u011furlama t\u00f6renide yap\u0131ld\u0131. Burada bir konusma yapan ve hac\u0131 adaylar\u0131na bilgiler veren \u0130mamo\u011flu, adaylar\u0131n sa\u011fsalim gidip gelmelerini diledi.<br \/><\/p>\n","protected":false},"excerpt":{"rendered":"<p>Afyonkarahisar\u2019\u0131n Dazk\u0131r\u0131 il\u00e7esinde Kur\u2019an kursunun temeli at\u0131larak, hac ibadetlerini yerine getirmek i\u00e7in Dazk\u0131r\u0131\u2019dan kutsal topraklara gidecek hac\u0131 adaylar\u0131 i\u00e7in bilgilendirme yap\u0131ld\u0131. \u0130l M\u00fcft\u00fcs\u00fc L\u00fctf\u00fc \u0130mamo\u011flu, Dazk\u0131r\u0131 il\u00e7esine bir ziyaret ger\u00e7ekle\u015ftirdi. Ziyaret program\u0131nda Fatih Camii m\u00fc\u015ftemilat\u0131nda yap\u0131lacak olan Kur\u2019an Kursu in\u015faat\u0131n\u0131n temel atma t\u00f6reni \u0130mamo\u011flu, il\u00e7e protokol\u00fc ve vatanda\u015flar\u0131n kat\u0131l\u0131m\u0131yla yap\u0131ld\u0131. Programda hac ibadetlerini yerine getirmek&#8230;<\/p>\n","protected":false},"author":1,"featured_media":99952,"comment_status":"open","ping_status":"open","sticky":false,"template":"","format":"standard","meta":{"_crdt_document":"","footnotes":""},"categories":[1],"tags":[],"class_list":["post-99951","post","type-post","status-publish","format-standard","has-post-thumbnail","hentry","category-guncel"],"_links":{"self":[{"href":"https:\/\/www.egemtv.com\/index.php?rest_route=\/wp\/v2\/posts\/99951","targetHints":{"allow":["GET"]}}],"collection":[{"href":"https:\/\/www.egemtv.com\/index.php?rest_route=\/wp\/v2\/posts"}],"about":[{"href":"https:\/\/www.egemtv.com\/index.php?rest_route=\/wp\/v2\/types\/post"}],"author":[{"embeddable":true,"href":"https:\/\/www.egemtv.com\/index.php?rest_route=\/wp\/v2\/users\/1"}],"replies":[{"embeddable":true,"href":"https:\/\/www.egemtv.com\/index.php?rest_route=%2Fwp%2Fv2%2Fcomments&post=99951"}],"version-history":[{"count":1,"href":"https:\/\/www.egemtv.com\/index.php?rest_route=\/wp\/v2\/posts\/99951\/revisions"}],"predecessor-version":[{"id":99953,"href":"https:\/\/www.egemtv.com\/index.php?rest_route=\/wp\/v2\/posts\/99951\/revisions\/99953"}],"wp:featuredmedia":[{"embeddable":true,"href":"https:\/\/www.egemtv.com\/index.php?rest_route=\/wp\/v2\/media\/99952"}],"wp:attachment":[{"href":"https:\/\/www.egemtv.com\/index.php?rest_route=%2Fwp%2Fv2%2Fmedia&parent=99951"}],"wp:term":[{"taxonomy":"category","embeddable":true,"href":"https:\/\/www.egemtv.com\/index.php?rest_route=%2Fwp%2Fv2%2Fcategories&post=99951"},{"taxonomy":"post_tag","embeddable":true,"href":"https:\/\/www.egemtv.com\/index.php?rest_route=%2Fwp%2Fv2%2Ftags&post=99951"}],"curies":[{"name":"wp","href":"https:\/\/api.w.org\/{rel}","templated":true}]}}