{"id":99948,"date":"2026-05-02T11:25:55","date_gmt":"2026-05-02T08:25:55","guid":{"rendered":"https:\/\/www.egemtv.com\/?p=99948"},"modified":"2026-05-02T11:25:56","modified_gmt":"2026-05-02T08:25:56","slug":"kutahyada-otomobil-ucuruma-yuvarlandi-1-olu-1-agir-yarali","status":"publish","type":"post","link":"https:\/\/www.egemtv.com\/?p=99948","title":{"rendered":"K\u00fctahya\u2019da otomobil u\u00e7uruma yuvarland\u0131: 1 \u00f6l\u00fc, 1 a\u011f\u0131r yaral\u0131"},"content":{"rendered":"<p>K\u00fctahya\u2019da kontrolden \u00e7\u0131kan otomobilin u\u00e7uruma yuvarlanmas\u0131 sonucu ger\u00e7ekle\u015fen trafik kazas\u0131nda 1 ki\u015fi hayat\u0131n\u0131 kaybetti, 1 ki\u015fi a\u011f\u0131r yaraland\u0131.<br \/>\n<br \/>Kaza, K\u00fctahya-Afyonkarahisar kara yolu\u2019nun 11\u2019nci kilometresinde, meydana geldi.  Edinilen bilgilere g\u00f6re, Afyonkarahisar\u2019dan K\u00fctahya istikametine do\u011fru seyir halinde olan \u0130smail Ba\u015fusta idaresindeki 07 CGU 157 plakal\u0131 otomobil, hen\u00fcz belirlenemeyen bir nedenle s\u00fcr\u00fcc\u00fcs\u00fcn\u00fcn direksiyon hakimiyetini kaybetmesi sonucu kontrolden \u00e7\u0131kt\u0131. Yol kenar\u0131ndaki bariyerleri a\u015fan ara\u00e7, yakla\u015f\u0131k 60 metrelik u\u00e7uruma yuvarlanarak Porsuk \u00c7ay\u0131 yata\u011f\u0131na d\u00fc\u015ft\u00fc. Kazay\u0131 g\u00f6ren di\u011fer s\u00fcr\u00fcc\u00fclerin durumu 112 Acil \u00c7a\u011fr\u0131 Merkezi\u2019ne bildirmesi \u00fczerine olay yerine \u00e7ok say\u0131da ekip sevk edildi.<br \/>\n<br \/>Sa\u011fl\u0131k ekiplerinin yapt\u0131\u011f\u0131 kontrolde, ara\u00e7ta yolcu olarak bulunan Emine Ba\u015fusta\u2019n\u0131n olay yerinde hayat\u0131n\u0131 kaybetti\u011fi belirlendi. Kazadan yaral\u0131 olarak kurtar\u0131lan s\u00fcr\u00fcc\u00fc \u0130smet Ba\u015fusta\u2019ya olay yerinde ilk m\u00fcdahale yap\u0131l\u0131rken, daha sonra ambulansla K\u00fctahya \u015eehir Hastanesi\u2019ne kald\u0131r\u0131larak tedavi alt\u0131na al\u0131nd\u0131. Yaral\u0131n\u0131n hayati tehlikesinin bulundu\u011fu \u00f6\u011frenildi.<br \/>\n<br \/>Emine Ba\u015fusta\u2019n\u0131n cenazesi, cumhuriyet savc\u0131s\u0131n\u0131n olay yerindeki incelemesinin ard\u0131ndan hastane morguna kald\u0131r\u0131ld\u0131. Kazan\u0131n nedeninin belirlenmesi i\u00e7in g\u00fcvenlik g\u00fc\u00e7leri taraf\u0131ndan soru\u015fturma ba\u015flat\u0131ld\u0131.<br \/><\/p>\n","protected":false},"excerpt":{"rendered":"<p>K\u00fctahya\u2019da kontrolden \u00e7\u0131kan otomobilin u\u00e7uruma yuvarlanmas\u0131 sonucu ger\u00e7ekle\u015fen trafik kazas\u0131nda 1 ki\u015fi hayat\u0131n\u0131 kaybetti, 1 ki\u015fi a\u011f\u0131r yaraland\u0131. Kaza, K\u00fctahya-Afyonkarahisar kara yolu\u2019nun 11\u2019nci kilometresinde, meydana geldi. Edinilen bilgilere g\u00f6re, Afyonkarahisar\u2019dan K\u00fctahya istikametine do\u011fru seyir halinde olan \u0130smail Ba\u015fusta idaresindeki 07 CGU 157 plakal\u0131 otomobil, hen\u00fcz belirlenemeyen bir nedenle s\u00fcr\u00fcc\u00fcs\u00fcn\u00fcn direksiyon hakimiyetini kaybetmesi sonucu kontrolden \u00e7\u0131kt\u0131&#8230;.<\/p>\n","protected":false},"author":1,"featured_media":99949,"comment_status":"open","ping_status":"open","sticky":false,"template":"","format":"standard","meta":{"_crdt_document":"","footnotes":""},"categories":[5],"tags":[],"class_list":["post-99948","post","type-post","status-publish","format-standard","has-post-thumbnail","hentry","category-asayis"],"_links":{"self":[{"href":"https:\/\/www.egemtv.com\/index.php?rest_route=\/wp\/v2\/posts\/99948","targetHints":{"allow":["GET"]}}],"collection":[{"href":"https:\/\/www.egemtv.com\/index.php?rest_route=\/wp\/v2\/posts"}],"about":[{"href":"https:\/\/www.egemtv.com\/index.php?rest_route=\/wp\/v2\/types\/post"}],"author":[{"embeddable":true,"href":"https:\/\/www.egemtv.com\/index.php?rest_route=\/wp\/v2\/users\/1"}],"replies":[{"embeddable":true,"href":"https:\/\/www.egemtv.com\/index.php?rest_route=%2Fwp%2Fv2%2Fcomments&post=99948"}],"version-history":[{"count":1,"href":"https:\/\/www.egemtv.com\/index.php?rest_route=\/wp\/v2\/posts\/99948\/revisions"}],"predecessor-version":[{"id":99950,"href":"https:\/\/www.egemtv.com\/index.php?rest_route=\/wp\/v2\/posts\/99948\/revisions\/99950"}],"wp:featuredmedia":[{"embeddable":true,"href":"https:\/\/www.egemtv.com\/index.php?rest_route=\/wp\/v2\/media\/99949"}],"wp:attachment":[{"href":"https:\/\/www.egemtv.com\/index.php?rest_route=%2Fwp%2Fv2%2Fmedia&parent=99948"}],"wp:term":[{"taxonomy":"category","embeddable":true,"href":"https:\/\/www.egemtv.com\/index.php?rest_route=%2Fwp%2Fv2%2Fcategories&post=99948"},{"taxonomy":"post_tag","embeddable":true,"href":"https:\/\/www.egemtv.com\/index.php?rest_route=%2Fwp%2Fv2%2Ftags&post=99948"}],"curies":[{"name":"wp","href":"https:\/\/api.w.org\/{rel}","templated":true}]}}