{"id":99945,"date":"2026-05-02T11:25:54","date_gmt":"2026-05-02T08:25:54","guid":{"rendered":"https:\/\/www.egemtv.com\/?p=99945"},"modified":"2026-05-02T11:25:55","modified_gmt":"2026-05-02T08:25:55","slug":"urlada-12-enginar-festivali-coskusu","status":"publish","type":"post","link":"https:\/\/www.egemtv.com\/?p=99945","title":{"rendered":"Urla\u2019da 12. Enginar Festivali co\u015fkusu"},"content":{"rendered":"<p>\u0130zmir B\u00fcy\u00fck\u015fehir Belediye Ba\u015fkan\u0131 Cemil Tugay, 12. Uluslararas\u0131 Urla Enginar Festivali\u2019nin a\u00e7\u0131l\u0131\u015f\u0131n\u0131 yapt\u0131. Renkli bir kortejle ba\u015flayan festivalde Urla sokaklar\u0131 sanat ve gastronomiyle doldu ta\u015ft\u0131. Ba\u015fkan Tugay, kent turizmi i\u00e7in arkeoloji ve gastronomiyi birle\u015ftirme \u00e7a\u011fr\u0131s\u0131 yapt\u0131.<br \/>\n<br \/>\u0130zmir\u2019in gastronomi merkezi Urla\u2019n\u0131n d\u00fcnyaca \u00fcnl\u00fc organizasyonu Uluslararas\u0131 Urla Enginar Festivali, 12\u2019nci kez kap\u0131lar\u0131n\u0131 a\u00e7t\u0131. 1-3 May\u0131s tarihleri aras\u0131nda Urla\u2019n\u0131n tarihi sokaklar\u0131n\u0131 sanat\u0131n ve lezzetin bulu\u015fma noktas\u0131na d\u00f6n\u00fc\u015ft\u00fcren festivalin a\u00e7\u0131l\u0131\u015f t\u00f6reni Cumhuriyet Meydan\u0131\u2019nda ger\u00e7ekle\u015ftirildi. T\u00f6rene, \u0130zmir B\u00fcy\u00fck\u015fehir Belediye Ba\u015fkan\u0131 Cemil Tugay, Cumhuriyet Halk Partisi \u0130zmir milletvekilleri Deniz Y\u00fccel, Ednan Arslan, \u00dcmit \u00d6zlale, ev sahibi Urla Belediye Ba\u015fkan\u0131 Sel\u00e7uk Balkan ve il\u00e7e belediye ba\u015fkanlar\u0131, ge\u00e7mi\u015f d\u00f6nem Urla Belediye Ba\u015fkan\u0131 Sibel Uyar, sivil toplum kurulu\u015fu temsilcileri, akademisyenler, d\u00fcnyaca \u00fcnl\u00fc \u015fefler ve T\u00fcrkiye\u2019nin d\u00f6rt bir yan\u0131ndan Urla\u2019ya ak\u0131n eden binlerce yurtta\u015f kat\u0131ld\u0131.<\/p>\n<p>\u00c7ift\u00e7ilerden Urla\u2019n\u0131n eme\u011fine yak\u0131\u015f\u0131r kortej<br \/>\n<br \/>Festival gelenekselle\u015fen kortejle ba\u015flad\u0131. Ba\u015fkan Cemil Tugay ve protokol, Jandarma Kav\u015fa\u011f\u0131\u2019ndan ba\u015flayarak festivalin co\u015fkusunu Urla sokaklar\u0131na ta\u015f\u0131d\u0131. Urla\u2019n\u0131n bereketli topraklar\u0131n\u0131 ve k\u00fclt\u00fcrel zenginli\u011fini simgeleyen renkli kortej; \u00f6zel kost\u00fcmler, \u00e7i\u00e7eklerle bezeli fig\u00fcrler, minik sporcular, \u015fefler ve \u0130zmir B\u00fcy\u00fck\u015fehir Belediyesi Bandosu e\u015fli\u011fiyle karnaval havas\u0131nda ger\u00e7ekle\u015ftirildi. Kortej Cumhuriyet Meydan\u0131\u2019na ula\u015ft\u0131. Ard\u0131ndan Ba\u015fkan Tugay ve protokol Urla Belediyesi \u00f6n\u00fcnden ge\u00e7i\u015f yapan \u00e7ift\u00e7ileri selamlad\u0131. \u00c7ift\u00e7iler atlarla enginar y\u00fckl\u00fc trakt\u00f6rlerle co\u015fkuyu zirveye ta\u015f\u0131d\u0131. A\u00e7\u0131l\u0131\u015f t\u00f6reni \u00f6ncesi Cumhuriyet Meydan\u0131\u2019nda halk oyunlar\u0131 g\u00f6sterisi yap\u0131ld\u0131.<\/p>\n<p>&#8220;\u0130zmir T\u00fcrkiye\u2019nin en fazla tar\u0131m yap\u0131lan kentidir&#8221;<br \/>\n<br \/>S\u00f6zlerine t\u00fcm emek\u00e7ilerin 1 May\u0131s \u0130\u015f\u00e7i Bayram\u0131\u2019n\u0131 kutlayarak ba\u015flayan Ba\u015fkan Tugay, bahar aylar\u0131n\u0131n \u0130zmir\u2019in d\u00f6rt bir yan\u0131nda festival ay\u0131 oldu\u011funu ifade ederek, &#8220;\u0130zmir\u2019in kendi yerel \u00fcretim k\u00fclt\u00fcr\u00fcn\u00fcn \u00f6nemini vurgulamaya \u00e7al\u0131\u015f\u0131yoruz. Ve her sene Enginar Festivali\u2019nin biraz daha b\u00fcy\u00fcd\u00fc\u011f\u00fcn\u00fc, geli\u015fti\u011fini, daha fazla ilgi g\u00f6rd\u00fc\u011f\u00fcn\u00fc hepimiz g\u00f6r\u00fcyoruz. \u0130zmir tarihi olarak bir tar\u0131m kenti. Havzalar\u0131yla b\u00fct\u00fcn \u0130zmir, en k\u00f6kl\u00fc tar\u0131msal gelenekleri olan ve halen de yo\u011fun tar\u0131m yap\u0131lan topraklar. \u0130zmir \u015fu anda hayvansal \u00fcretimde T\u00fcrkiye\u2019de ikinci s\u0131rada. Hem ette hem s\u00fct ve s\u00fct \u00fcr\u00fcnlerinde b\u00f6yle. Ama bitkisel tar\u0131mda da bazen ikinci, bazen \u00fc\u00e7\u00fcnc\u00fc oluyor&#8221; diye konu\u015ftu.<\/p>\n<p>&#8220;Urla\u2019n\u0131n \u00f6nce k\u00f6kenini bilmek laz\u0131m&#8221;<br \/>\n<br \/>Yap\u0131la\u015fma riskine dikkat \u00e7eken Ba\u015fkan Tugay, Urla\u2019n\u0131n tarihi ve tar\u0131msal de\u011ferlerine vurgu yapt\u0131. Evliya \u00c7elebi\u2019nin b\u00f6lgeye dair anlat\u0131lar\u0131na da de\u011finen Tugay, Urla\u2019n\u0131n \u00f6zel bir ekosisteme sahip oldu\u011funu belirterek, &#8220;Buras\u0131 tar\u0131m i\u00e7in son derece uygun ve \u00e7ok k\u0131ymetli topraklara sahip. Tarihine bakt\u0131\u011f\u0131m\u0131zda, d\u00fcnyan\u0131n ilk \u015farap \u00fcretim merkezlerinden biri oldu\u011funu, \u00fcz\u00fcmc\u00fcl\u00fc\u011f\u00fcn en eski \u00f6rneklerinin bu co\u011frafyada geli\u015fti\u011fini g\u00f6r\u00fcyoruz&#8221; dedi.<br \/>\n<br \/>Bir kentin ge\u00e7mi\u015fiyle birlikte de\u011ferlendirilmesi gerekti\u011fini ifade eden Tugay, &#8220;Bir yeri ger\u00e7ekten tan\u0131mak i\u00e7in onun hik\u00e2yesini de bilmek gerekir. Urla\u2019y\u0131 yaln\u0131zca yap\u0131la\u015fma alan\u0131 olarak g\u00f6rmek b\u00fcy\u00fck bir eksiklik olur. Bu b\u00f6lgenin g\u00fc\u00e7l\u00fc bir tar\u0131msal ve ekolojik ge\u00e7mi\u015fi var; bu de\u011ferleri koruyarak hareket etmek zorunday\u0131z&#8221; diye konu\u015ftu.<\/p>\n<p>&#8220;\u0130zmir\u2019de ya\u015famaya her zaman \u00f6zeniyorlar&#8221;<br \/>\n<br \/>Ba\u015fkan Tugay, tar\u0131m\u0131n yaln\u0131zca g\u0131da ihtiyac\u0131n\u0131 kar\u015f\u0131layan bir alan olmad\u0131\u011f\u0131n\u0131, ayn\u0131 zamanda korunmas\u0131 ve geli\u015ftirilerek gelece\u011fe ta\u015f\u0131nmas\u0131 gereken stratejik bir de\u011fer oldu\u011funu vurgulad\u0131. Tar\u0131m\u0131n, insanl\u0131\u011f\u0131n en \u00f6nemli k\u00fclt\u00fcrel birikimlerinden biri olan gastronominin de temelini olu\u015fturdu\u011funu belirten Tugay, &#8220;Urla\u2019da bug\u00fcn g\u00f6rd\u00fc\u011f\u00fcm\u00fcz gibi, nitelikli tar\u0131m yap\u0131ld\u0131\u011f\u0131nda ve insanlar bunun k\u0131ymetini bildi\u011finde, gastronomi de ayn\u0131 \u00f6l\u00e7\u00fcde geli\u015fiyor. Bu s\u00fcre\u00e7lerin hi\u00e7biri tesad\u00fcfen ortaya \u00e7\u0131km\u0131yor; zamanla ve emekle olu\u015fuyor&#8221; dedi. \u0130zmir\u2019in 35 co\u011frafi i\u015faretli \u00fcr\u00fcne sahip oldu\u011funa dikkat \u00e7eken Tugay, bu zenginli\u011fin \u00f6nemli \u00f6rneklerinden birinin de sak\u0131z enginar\u0131 oldu\u011funu ifade etti. Tugay, &#8220;B\u00f6yle bir zenginli\u011fin i\u00e7inde ya\u015f\u0131yoruz. Bu zenginlik sadece topra\u011f\u0131 ve tar\u0131m\u0131yla de\u011fil; insan\u0131yla ve k\u00fclt\u00fcr\u00fcyle de var oluyor. Bu nedenle \u0130zmir, pek \u00e7ok insan i\u00e7in \u00e7ekici ve nitelikli bir ya\u015fam alan\u0131 sunuyor; insanlar burada ya\u015famay\u0131 her zaman arzu ediyor&#8221; diye konu\u015ftu.<\/p>\n<p>&#8220;Biz bu \u015fehrin de\u011ferini bilen insanlar\u0131z&#8221;<br \/>\n<br \/>\u0130zmir ile gurur duyduklar\u0131n\u0131 ifade eden Ba\u015fkan Tugay, &#8220;Biz bu \u015fehirde memleketimizin her taraf\u0131ndan gelen insanlarla hep dostluk, karde\u015flik i\u00e7erisinde ya\u015fad\u0131k. Kom\u015fulu\u011fun, insanl\u0131\u011f\u0131n de\u011ferini bildik.  \u0130zmir halk\u0131 her zaman yard\u0131msever oldu. \u0130zmir\u2019le gurur duyuyoruz. Baz\u0131 insanlar \u0130zmirlilerin \u2019\u0130zmir\u2019in da\u011flar\u0131nda \u00e7i\u00e7ekler a\u00e7ar\u2019 mar\u015f\u0131yla neden co\u015ftu\u011funu anlayam\u0131yorlar. Ya da umuda ihtiyac\u0131n\u0131z oldu\u011fu zaman \u2019G\u00fczel g\u00fcnler g\u00f6rece\u011fiz \u00e7ocuklar\u2019 \u015fark\u0131s\u0131nda kendimizi bulmam\u0131z\u0131 da anlayam\u0131yorlar. Ama biz \u00f6yle insanlar\u0131z. Biz bu \u015fehrin de\u011ferini bilen insanlar\u0131z; bu \u015fehrin k\u00fclt\u00fcrel de\u011ferini, insana dair de\u011ferini, bar\u0131\u015fa dair de\u011ferini, \u00e7evreye dair de\u011ferini, ya\u015fama dair de\u011ferini her anlamda bilen insanlar\u0131z.  \u0130zmir, her zaman de\u011ferleriyle, g\u00fczellikleriyle, mutluluklar\u0131yla, keyfiyle \u0130zmir olarak ya\u015famaya devam edecek. Bu \u015fehre hizmet etmek bizler i\u00e7in b\u00fcy\u00fck bir onurdur&#8221; diye konu\u015ftu.<\/p>\n<p>&#8220;Gelecek topra\u011f\u0131yla  ba\u011f\u0131n\u0131 koparmayan \u015fehirlerin olacak&#8221;<br \/>\n<br \/>Festivalin a\u00e7\u0131l\u0131\u015f t\u00f6reninde konu\u015fan Urla Belediye Ba\u015fkan\u0131 Sel\u00e7uk Balkan, &#8220;Gelecek topra\u011f\u0131yla  ba\u011f\u0131n\u0131 koparmayan \u015fehirlerin olacak. Urla o \u015fehirlerden birisi olacak. Baz\u0131 \u015fehirler kalabal\u0131\u011f\u0131yla hat\u0131rlan\u0131r, baz\u0131lar\u0131 ise \u00fcrettikleriyle. Urla \u00fcreten olmay\u0131 tercih eden il\u00e7elerdendir. Tar\u0131m sadece \u00fcretim de\u011fil, bilgiyle, sab\u0131rla, do\u011fayla kurulan bir dengedir. Biz bu topra\u011f\u0131 korumaya, i\u015flemeye devam ediyoruz. Atalar\u0131m\u0131zdan ald\u0131\u011f\u0131m\u0131z miras\u0131 \u00e7ocuklar\u0131m\u0131za b\u0131rakman\u0131n sorumlulu\u011funu ta\u015f\u0131yoruz. Enginar da zeytin ve \u00fcz\u00fcm gibi bu de\u011ferlerin en \u00f6nemli temsilcisi.  B\u00fct\u00fcn d\u00fcnya iklim krizi ve g\u0131da g\u00fcvenli\u011fi sorunuyla u\u011fra\u015f\u0131yor. Urla bu y\u0131l krizlere ra\u011fmen 6 milyar ba\u015f enginar rekoltesine ula\u015ft\u0131. Bu da topraktan ba\u011f\u0131m\u0131z\u0131n kopmad\u0131\u011f\u0131n\u0131n g\u00f6stergesidir&#8221; diye konu\u015ftu.<\/p>\n<p>&#8220;Urla\u2019da toprak konu\u015fur, emek b\u00fcy\u00fcr&#8221;<br \/>\n<br \/>Urla Ziraat Odas\u0131 Ba\u015fkan\u0131 Muharrem Uslucan ise, &#8220;Bug\u00fcn burada sadece bir festivali de\u011fil, topra\u011f\u0131n sabr\u0131n\u0131, eme\u011fin de\u011ferini selaml\u0131yoruz. Urla tar\u0131m\u0131n\u0131n en b\u00fcy\u00fck kahramanlar\u0131ndan birisi sak\u0131z enginar\u0131d\u0131r. Enginar \u00e7ift\u00e7iye umut olur. Sadece enginar\u0131yla de\u011fil \u00fcz\u00fcm\u00fcyle, zeytiniyle, \u015fevketi bostan\u0131yla nice \u00fcr\u00fcnler bu topraklar\u0131n k\u00fclt\u00fcr\u00fcd\u00fcr, de\u011feridir. Toprak varsa hayat var. Urla her ge\u00e7en g\u00fcn betonla\u015f\u0131yor. Kendi elimizle gelece\u011fimizi yok ediyoruz. Urla\u2019da toprak konu\u015fur, emek b\u00fcy\u00fcr. Her emek gelece\u011fe b\u0131rak\u0131lm\u0131\u015f bir mirast\u0131r&#8221; dedi.<\/p>\n<p>\u0130zmir\u2019in ilk deniz \u00fcr\u00fcnleri festivali i\u00e7in kollar s\u0131vand\u0131<br \/>\n<br \/>A\u00e7\u0131l\u0131\u015f t\u00f6reninin ard\u0131ndan Ba\u015fkan Tugay,  Ba\u015fkan Balkan ve K\u00f6stem Zeytinya\u011f\u0131 M\u00fczesi Kurucusu Dr. Levent K\u00f6stem ile festivalin ilk s\u00f6yle\u015fisinde konu\u015fmac\u0131 oldu. Ahmet  G\u00fczelya\u011fd\u00f6ken\u2019in moderat\u00f6rl\u00fc\u011f\u00fcnde ger\u00e7ekle\u015fen &#8220;Tar\u0131m Gastronomi ve Turizm&#8221; ba\u015fl\u0131kl\u0131 s\u00f6yle\u015fide Urla\u2019n\u0131n gastronomi gelece\u011fi konu\u015fuldu. \u0130zmir\u2019in d\u00f6rt bir yan\u0131nda ger\u00e7ekle\u015ftirilen festivallere ra\u011fmen kentin en b\u00fcy\u00fck de\u011ferlerinden deniz \u00fcr\u00fcnlerine dair festivalin olmad\u0131\u011f\u0131n\u0131n konu\u015fulmas\u0131 \u00fczerine Ba\u015fkan Tugay, &#8220;\u0130zmir, T\u00fcrkiye\u2019nin en \u00f6nemli gastronomi \u015fehirlerinden birisi. \u0130zmir\u2019in zeytinya\u011fl\u0131lar\u0131 var, ot k\u00fclt\u00fcr\u00fc var ama ayn\u0131 zamanda deniz \u00fcr\u00fcnleri var. Deniz \u00fcr\u00fcnleriyle ilgili bir festival olmas\u0131 laz\u0131m. Fo\u00e7a\u2019da, Karaburun\u2019da ya da k\u0131y\u0131 bal\u0131k\u00e7\u0131l\u0131\u011f\u0131n\u0131n  geli\u015fti\u011fi yerlerde bu festivali yapabiliriz&#8221; dedi. Ba\u015fkan Balkan ise Urla olarak deniz \u00fcr\u00fcnleri festivaline talip olduklar\u0131n\u0131 ifade etti.<\/p>\n<p>&#8220;Ege B\u00f6lgesi adeta bir maden&#8221;<br \/>\n<br \/>S\u00f6yle\u015fide \u0130zmir\u2019in turizmde kalk\u0131nma yol haritas\u0131na ili\u015fkin soruyu yan\u0131tlayan Ba\u015fkan Tugay, \u0130zmir i\u00e7in hedeflerinin katma de\u011feri y\u00fcksek turizm ve nitelikli turist oldu\u011funu s\u00f6yledi. Bu do\u011frultuda \u0130zmir\u2019in iki \u00f6nemli potansiyelinin bulundu\u011funu ifade eden Tugay, bunlardan ilkinin antik ve tarihi-k\u00fclt\u00fcrel miras oldu\u011funu belirtti. \u0130zmir\u2019in 7 antik kente sahip oldu\u011funa dikkat \u00e7eken Tugay, K\u00fclt\u00fcr ve Turizm Bakanl\u0131\u011f\u0131\u2019n\u0131n izin verdi\u011fi yakla\u015f\u0131k 200 kaz\u0131 alan\u0131n\u0131n bulundu\u011funu, yer alt\u0131nda ke\u015ffedilmeyi bekleyen \u00e7ok say\u0131da tarihi de\u011fer oldu\u011funu s\u00f6yledi. Bu potansiyelin ortaya \u00e7\u0131kar\u0131lmas\u0131yla \u0130zmir\u2019in Roma benzeri bir k\u00fclt\u00fcrel \u00e7ekim merkezine d\u00f6n\u00fc\u015febilece\u011fini ifade etti. \u0130kinci \u00f6nemli alan\u0131n gastronomi oldu\u011funu vurgulayan Tugay, &#8220;Yurt d\u0131\u015f\u0131nda bize tatt\u0131r\u0131lan yemeklerin \u00e7ok daha iyisi bizim mutfa\u011f\u0131m\u0131zda var. \u0130zmir ger\u00e7ekten bir cennet. Ege B\u00f6lgesi gastronomi hammaddesi a\u00e7\u0131s\u0131ndan adeta bir maden&#8221; dedi. Bu zenginli\u011fin yeterince de\u011ferlendirilemedi\u011fine dikkat \u00e7ekti.<\/p>\n<p>Urla sokaklar\u0131 sanat ve gastronomiyle dolup ta\u015facak<br \/>\n<br \/>12. Uluslararas\u0131 Urla Enginar Festivali 3 May\u0131s\u2019a kadar ziyaret\u00e7ilerini a\u011f\u0131rlayacak. Yerel \u00fcreticilerin taze \u00fcr\u00fcnlerinin tezgahlar\u0131 bereketlendirece\u011fi festivalde d\u00fcnyaca \u00fcnl\u00fc \u015feflerin mutfak at\u00f6lyeleriyle gastronomi tutkunlar\u0131n\u0131 a\u011f\u0131rlayacak. \u00dc\u00e7 g\u00fcn boyunca Urla\u2019n\u0131n tarihi sokaklar\u0131n\u0131 sanat\u0131n ve lezzetin bulu\u015fma noktas\u0131 haline getirecek festival kapsam\u0131nda Otopark, Malgaca ve Sanat \u00c7ar\u015f\u0131s\u0131\u2019nda konserler yer alacak. Ana sahnede ilk g\u00fcn Grup Papara, ikinci g\u00fcn Cuba Duo ve Grup Pikap, son g\u00fcn ise \u00fcnl\u00fc sanat\u00e7\u0131 Mehmet Erdem konser verecek. Festival boyunca birbirinden \u00fcnl\u00fc \u015fefler ana sahnede s\u00f6yle\u015filer d\u00fczenleyecek. Festivalin sonunda ise Enginarl\u0131 Lezzetler Yemek Yar\u0131\u015fmas\u0131\u2019n\u0131n \u00f6d\u00fclleri sahiplerini bulacak.<br \/><\/p>\n","protected":false},"excerpt":{"rendered":"<p>\u0130zmir B\u00fcy\u00fck\u015fehir Belediye Ba\u015fkan\u0131 Cemil Tugay, 12. Uluslararas\u0131 Urla Enginar Festivali\u2019nin a\u00e7\u0131l\u0131\u015f\u0131n\u0131 yapt\u0131. Renkli bir kortejle ba\u015flayan festivalde Urla sokaklar\u0131 sanat ve gastronomiyle doldu ta\u015ft\u0131. Ba\u015fkan Tugay, kent turizmi i\u00e7in arkeoloji ve gastronomiyi birle\u015ftirme \u00e7a\u011fr\u0131s\u0131 yapt\u0131. \u0130zmir\u2019in gastronomi merkezi Urla\u2019n\u0131n d\u00fcnyaca \u00fcnl\u00fc organizasyonu Uluslararas\u0131 Urla Enginar Festivali, 12\u2019nci kez kap\u0131lar\u0131n\u0131 a\u00e7t\u0131. 1-3 May\u0131s tarihleri aras\u0131nda&#8230;<\/p>\n","protected":false},"author":1,"featured_media":99946,"comment_status":"open","ping_status":"open","sticky":false,"template":"","format":"standard","meta":{"_crdt_document":"","footnotes":""},"categories":[1],"tags":[],"class_list":["post-99945","post","type-post","status-publish","format-standard","has-post-thumbnail","hentry","category-guncel"],"_links":{"self":[{"href":"https:\/\/www.egemtv.com\/index.php?rest_route=\/wp\/v2\/posts\/99945","targetHints":{"allow":["GET"]}}],"collection":[{"href":"https:\/\/www.egemtv.com\/index.php?rest_route=\/wp\/v2\/posts"}],"about":[{"href":"https:\/\/www.egemtv.com\/index.php?rest_route=\/wp\/v2\/types\/post"}],"author":[{"embeddable":true,"href":"https:\/\/www.egemtv.com\/index.php?rest_route=\/wp\/v2\/users\/1"}],"replies":[{"embeddable":true,"href":"https:\/\/www.egemtv.com\/index.php?rest_route=%2Fwp%2Fv2%2Fcomments&post=99945"}],"version-history":[{"count":1,"href":"https:\/\/www.egemtv.com\/index.php?rest_route=\/wp\/v2\/posts\/99945\/revisions"}],"predecessor-version":[{"id":99947,"href":"https:\/\/www.egemtv.com\/index.php?rest_route=\/wp\/v2\/posts\/99945\/revisions\/99947"}],"wp:featuredmedia":[{"embeddable":true,"href":"https:\/\/www.egemtv.com\/index.php?rest_route=\/wp\/v2\/media\/99946"}],"wp:attachment":[{"href":"https:\/\/www.egemtv.com\/index.php?rest_route=%2Fwp%2Fv2%2Fmedia&parent=99945"}],"wp:term":[{"taxonomy":"category","embeddable":true,"href":"https:\/\/www.egemtv.com\/index.php?rest_route=%2Fwp%2Fv2%2Fcategories&post=99945"},{"taxonomy":"post_tag","embeddable":true,"href":"https:\/\/www.egemtv.com\/index.php?rest_route=%2Fwp%2Fv2%2Ftags&post=99945"}],"curies":[{"name":"wp","href":"https:\/\/api.w.org\/{rel}","templated":true}]}}