{"id":99942,"date":"2026-05-02T10:50:30","date_gmt":"2026-05-02T07:50:30","guid":{"rendered":"https:\/\/www.egemtv.com\/?p=99942"},"modified":"2026-05-02T10:50:31","modified_gmt":"2026-05-02T07:50:31","slug":"manisadan-321-milyon-dolarlik-kuru-uzum-ihracati","status":"publish","type":"post","link":"https:\/\/www.egemtv.com\/?p=99942","title":{"rendered":"Manisa\u2019dan 321 milyon dolarl\u0131k kuru \u00fcz\u00fcm ihracat\u0131"},"content":{"rendered":"<p>\u00dcz\u00fcm\u00fcn ba\u015fkenti Manisa, 2025-2026 sezonunda 93 bin ton kuru \u00fcz\u00fcm ihracat\u0131yla 321 milyon dolarl\u0131k gelir elde etti. En fazla ihracat Birle\u015fik Krall\u0131k\u2019a yap\u0131l\u0131rken \u015fehir, \u00fcretimde ve ihracatta liderli\u011fini s\u00fcrd\u00fcrmeye devam etti.<br \/>\n<br \/>T\u00fcrkiye\u2019nin \u00f6nemli tar\u0131m merkezlerinden Manisa, kuru \u00fcz\u00fcm ihracat\u0131ndaki ba\u015far\u0131s\u0131yla dikkat \u00e7ekmeye devam ediyor. 1 Eyl\u00fcl 2025\u2019te ba\u015flayan sezonda 25 Nisan 2026 tarihine kadar 93 bin ton kuru \u00fcz\u00fcm ihra\u00e7 edilirken, \u00fclke ekonomisine 321 milyon dolarl\u0131k d\u00f6viz kazand\u0131r\u0131ld\u0131.<br \/>\n<br \/>A\u00e7\u0131klanan verilere g\u00f6re en fazla ihracat 93,5 milyon dolarla Birle\u015fik Krall\u0131k\u2019a yap\u0131l\u0131rken, Hollanda 37 milyon dolarla ikinci, Almanya ise 30,9 milyon dolarla \u00fc\u00e7\u00fcnc\u00fc s\u0131rada yer ald\u0131.<br \/>\n<br \/>Manisa, sahip oldu\u011fu 5 milyon 163 bin dekarl\u0131k tar\u0131m arazisinin yakla\u015f\u0131k 1 milyon dekar\u0131nda ba\u011fc\u0131l\u0131k yaparak T\u00fcrkiye\u2019nin \u00fcz\u00fcm \u00fcretiminde lider konumunu s\u00fcrd\u00fcr\u00fcyor. T\u00dc\u0130K verilerine g\u00f6re kent, T\u00fcrkiye\u2019de kurutmal\u0131k \u00fcz\u00fcm\u00fcn y\u00fczde 85\u2019ini, sofral\u0131k \u00fcz\u00fcm\u00fcn ise y\u00fczde 20\u2019sini kar\u015f\u0131l\u0131yor. 2025 y\u0131l\u0131nda 750 bin dekarl\u0131k alanda \u00e7ekirdeksiz \u00fcz\u00fcm \u00fcretimi yap\u0131l\u0131rken, 665 bin ton ya\u015f \u00fcz\u00fcm ve 166 bin ton kuru \u00fcz\u00fcm elde edildi.<br \/>\n<br \/>Manisa Ticaret Borsas\u0131 Y\u00f6netim Kurulu Ba\u015fkan\u0131 Sad\u0131k \u00d6zkasap, kentin d\u00fcnya \u00e7ekirdeksiz kuru \u00fcz\u00fcm \u00fcretiminde stratejik bir merkez oldu\u011funu belirtti. \u00d6zkasap, \u00f6zellikle Sultani \u00e7ekirdeksiz \u00fcz\u00fcm\u00fcn kalite ve g\u00fcvenilirlik a\u00e7\u0131s\u0131ndan d\u00fcnya pazarlar\u0131nda ayr\u0131cal\u0131kl\u0131 bir yere sahip oldu\u011funu ifade etti.<br \/>\n<br \/>Yakla\u015f\u0131k 50 bin ailenin ge\u00e7imini sa\u011flad\u0131\u011f\u0131 ba\u011fc\u0131l\u0131k, Manisa ekonomisinin temel ta\u015flar\u0131ndan biri olmay\u0131 s\u00fcrd\u00fcr\u00fcyor. Gediz Ovas\u0131 ba\u015fta olmak \u00fczere il genelinde yakla\u015f\u0131k 1 milyon dekar alanda \u00fcz\u00fcm \u00fcretimi yap\u0131l\u0131rken, bunun b\u00fcy\u00fck b\u00f6l\u00fcm\u00fc kurutularak ihra\u00e7 ediliyor.<br \/><\/p>\n","protected":false},"excerpt":{"rendered":"<p>\u00dcz\u00fcm\u00fcn ba\u015fkenti Manisa, 2025-2026 sezonunda 93 bin ton kuru \u00fcz\u00fcm ihracat\u0131yla 321 milyon dolarl\u0131k gelir elde etti. En fazla ihracat Birle\u015fik Krall\u0131k\u2019a yap\u0131l\u0131rken \u015fehir, \u00fcretimde ve ihracatta liderli\u011fini s\u00fcrd\u00fcrmeye devam etti. T\u00fcrkiye\u2019nin \u00f6nemli tar\u0131m merkezlerinden Manisa, kuru \u00fcz\u00fcm ihracat\u0131ndaki ba\u015far\u0131s\u0131yla dikkat \u00e7ekmeye devam ediyor. 1 Eyl\u00fcl 2025\u2019te ba\u015flayan sezonda 25 Nisan 2026 tarihine kadar 93&#8230;<\/p>\n","protected":false},"author":1,"featured_media":99943,"comment_status":"open","ping_status":"open","sticky":false,"template":"","format":"standard","meta":{"_crdt_document":"","footnotes":""},"categories":[125],"tags":[],"class_list":["post-99942","post","type-post","status-publish","format-standard","has-post-thumbnail","hentry","category-ekonomi"],"_links":{"self":[{"href":"https:\/\/www.egemtv.com\/index.php?rest_route=\/wp\/v2\/posts\/99942","targetHints":{"allow":["GET"]}}],"collection":[{"href":"https:\/\/www.egemtv.com\/index.php?rest_route=\/wp\/v2\/posts"}],"about":[{"href":"https:\/\/www.egemtv.com\/index.php?rest_route=\/wp\/v2\/types\/post"}],"author":[{"embeddable":true,"href":"https:\/\/www.egemtv.com\/index.php?rest_route=\/wp\/v2\/users\/1"}],"replies":[{"embeddable":true,"href":"https:\/\/www.egemtv.com\/index.php?rest_route=%2Fwp%2Fv2%2Fcomments&post=99942"}],"version-history":[{"count":1,"href":"https:\/\/www.egemtv.com\/index.php?rest_route=\/wp\/v2\/posts\/99942\/revisions"}],"predecessor-version":[{"id":99944,"href":"https:\/\/www.egemtv.com\/index.php?rest_route=\/wp\/v2\/posts\/99942\/revisions\/99944"}],"wp:featuredmedia":[{"embeddable":true,"href":"https:\/\/www.egemtv.com\/index.php?rest_route=\/wp\/v2\/media\/99943"}],"wp:attachment":[{"href":"https:\/\/www.egemtv.com\/index.php?rest_route=%2Fwp%2Fv2%2Fmedia&parent=99942"}],"wp:term":[{"taxonomy":"category","embeddable":true,"href":"https:\/\/www.egemtv.com\/index.php?rest_route=%2Fwp%2Fv2%2Fcategories&post=99942"},{"taxonomy":"post_tag","embeddable":true,"href":"https:\/\/www.egemtv.com\/index.php?rest_route=%2Fwp%2Fv2%2Ftags&post=99942"}],"curies":[{"name":"wp","href":"https:\/\/api.w.org\/{rel}","templated":true}]}}