{"id":99920,"date":"2026-05-02T01:30:59","date_gmt":"2026-05-01T22:30:59","guid":{"rendered":"https:\/\/www.egemtv.com\/?p=99920"},"modified":"2026-05-02T01:31:01","modified_gmt":"2026-05-01T22:31:01","slug":"orhun-ene-hem-fiziksel-hem-de-mental-olarak-hazir-olmamiz-gerekirdi","status":"publish","type":"post","link":"https:\/\/www.egemtv.com\/?p=99920","title":{"rendered":"Orhun Ene: &#8220;Hem fiziksel hem de mental olarak haz\u0131r olmam\u0131z gerekirdi&#8221;"},"content":{"rendered":"<p>Alia\u011fa Petkimspor Ba\u015fantren\u00f6r\u00fc Orhun Ene, Bah\u00e7e\u015fehir Kolejii ma\u011flubiyetin ard\u0131ndan, &#8220;Saham\u0131zda kaybetti\u011fimiz i\u00e7in \u00fczg\u00fcn\u00fcz. Bu tarz bir oyuna hem fiziksel hem de mental olarak haz\u0131r olmam\u0131z gerekirdi&#8221; dedi.<br \/>\n<br \/>T\u00fcrkiye Sigorta Basketbol S\u00fcper Ligi\u2019nin 29. haftas\u0131nda, sahas\u0131nda Bah\u00e7e\u015fehir Koleji\u2019ne 9576  ma\u011flup olan Alia\u011fa Petkimspor\u2019da Ba\u015fantren\u00f6r Orhun Ene, kar\u015f\u0131la\u015fman\u0131n ard\u0131ndan de\u011ferlendirmelerde bulundu. Ma\u011flubiyetten duydu\u011fu \u00fcz\u00fcnt\u00fcy\u00fc dile getiren Ene, \u015fu ifadeleri kulland\u0131:<br \/>\n<br \/>&#8220;Saham\u0131zda kaybetti\u011fimiz i\u00e7in \u00fczg\u00fcn\u00fcz. \u00dcst \u00fcste ald\u0131\u011f\u0131m\u0131z iki galibiyetin ard\u0131ndan, bu ma\u00e7\u0131n da ilk yar\u0131s\u0131n\u0131n son 4 dakikas\u0131na kadar fena bir oyun sergilemedik. Ancak sonras\u0131nda Bah\u00e7e\u015fehir Koleji\u2019nin sertli\u011fine reaksiyon veremedik. Bu tarz bir oyuna hem fiziksel hem de mental olarak haz\u0131r olmam\u0131z gerekirdi. \u015eimdi \u00f6n\u00fcm\u00fczde zorlu bir Be\u015fikta\u015f ma\u00e7\u0131 var ve o da benzer bir sertlikte ge\u00e7ecek. K\u0131sa s\u00fcrede k\u00f6kl\u00fc de\u011fi\u015fiklikler yapmak zor olsa da, h\u0131zl\u0131ca toparlan\u0131p bir reaksiyon g\u00f6stermeyi de\u011ferlendirece\u011fiz. Amac\u0131m\u0131z kalan iki ma\u00e7\u0131m\u0131zdan en az birini kazanmak. Bunun i\u00e7in mental olarak haz\u0131rlan\u0131p t\u00fcm gayretimizi sahaya yans\u0131taca\u011f\u0131z.&#8221;<br \/><\/p>\n","protected":false},"excerpt":{"rendered":"<p>Alia\u011fa Petkimspor Ba\u015fantren\u00f6r\u00fc Orhun Ene, Bah\u00e7e\u015fehir Kolejii ma\u011flubiyetin ard\u0131ndan, &#8220;Saham\u0131zda kaybetti\u011fimiz i\u00e7in \u00fczg\u00fcn\u00fcz. Bu tarz bir oyuna hem fiziksel hem de mental olarak haz\u0131r olmam\u0131z gerekirdi&#8221; dedi. T\u00fcrkiye Sigorta Basketbol S\u00fcper Ligi\u2019nin 29. haftas\u0131nda, sahas\u0131nda Bah\u00e7e\u015fehir Koleji\u2019ne 9576 ma\u011flup olan Alia\u011fa Petkimspor\u2019da Ba\u015fantren\u00f6r Orhun Ene, kar\u015f\u0131la\u015fman\u0131n ard\u0131ndan de\u011ferlendirmelerde bulundu. Ma\u011flubiyetten duydu\u011fu \u00fcz\u00fcnt\u00fcy\u00fc dile getiren Ene,&#8230;<\/p>\n","protected":false},"author":1,"featured_media":99921,"comment_status":"open","ping_status":"open","sticky":false,"template":"","format":"standard","meta":{"_crdt_document":"","footnotes":""},"categories":[4],"tags":[],"class_list":["post-99920","post","type-post","status-publish","format-standard","has-post-thumbnail","hentry","category-spor"],"_links":{"self":[{"href":"https:\/\/www.egemtv.com\/index.php?rest_route=\/wp\/v2\/posts\/99920","targetHints":{"allow":["GET"]}}],"collection":[{"href":"https:\/\/www.egemtv.com\/index.php?rest_route=\/wp\/v2\/posts"}],"about":[{"href":"https:\/\/www.egemtv.com\/index.php?rest_route=\/wp\/v2\/types\/post"}],"author":[{"embeddable":true,"href":"https:\/\/www.egemtv.com\/index.php?rest_route=\/wp\/v2\/users\/1"}],"replies":[{"embeddable":true,"href":"https:\/\/www.egemtv.com\/index.php?rest_route=%2Fwp%2Fv2%2Fcomments&post=99920"}],"version-history":[{"count":1,"href":"https:\/\/www.egemtv.com\/index.php?rest_route=\/wp\/v2\/posts\/99920\/revisions"}],"predecessor-version":[{"id":99922,"href":"https:\/\/www.egemtv.com\/index.php?rest_route=\/wp\/v2\/posts\/99920\/revisions\/99922"}],"wp:featuredmedia":[{"embeddable":true,"href":"https:\/\/www.egemtv.com\/index.php?rest_route=\/wp\/v2\/media\/99921"}],"wp:attachment":[{"href":"https:\/\/www.egemtv.com\/index.php?rest_route=%2Fwp%2Fv2%2Fmedia&parent=99920"}],"wp:term":[{"taxonomy":"category","embeddable":true,"href":"https:\/\/www.egemtv.com\/index.php?rest_route=%2Fwp%2Fv2%2Fcategories&post=99920"},{"taxonomy":"post_tag","embeddable":true,"href":"https:\/\/www.egemtv.com\/index.php?rest_route=%2Fwp%2Fv2%2Ftags&post=99920"}],"curies":[{"name":"wp","href":"https:\/\/api.w.org\/{rel}","templated":true}]}}