{"id":99917,"date":"2026-05-01T23:10:59","date_gmt":"2026-05-01T20:10:59","guid":{"rendered":"https:\/\/www.egemtv.com\/?p=99917"},"modified":"2026-05-01T23:11:01","modified_gmt":"2026-05-01T20:11:01","slug":"manisa-fk-sakaryaspor-macinin-ardindan","status":"publish","type":"post","link":"https:\/\/www.egemtv.com\/?p=99917","title":{"rendered":"Manisa FK &#8211; Sakaryaspor ma\u00e7\u0131n\u0131n ard\u0131ndan"},"content":{"rendered":"<p>Trendyol 1. Lig\u2019in 38. haftas\u0131nda oynanan Manisa FK-Sakaryaspor kar\u015f\u0131la\u015fmas\u0131n\u0131n ard\u0131ndan her iki tak\u0131m\u0131n teknik sorumlular\u0131 a\u00e7\u0131klamalarda bulundu.<br \/>\n<br \/>Trendyol 1. Lig\u2019in 38. hafta kar\u015f\u0131la\u015fmas\u0131nda Manisa FK, sahas\u0131nda Sakaryaspor\u2019u 5-0 ma\u011flup etti. Ma\u00e7\u0131n ard\u0131ndan konu\u015fan Manisa FK Yard\u0131mc\u0131 Antren\u00f6r\u00fc Abidin \u00c7akmak, &#8220;Skordan ba\u011f\u0131ms\u0131z olarak kul\u00fcp y\u00f6netimimiz A\u011fustos ay\u0131nda g\u00f6revi devrald\u0131. K\u0131sa vade plan\u0131 i\u00e7inde ve TFF 1. Lig\u2019de g\u00fc\u00e7l\u00fc bir ekip kurarak kurmak ve orta vadede altyap\u0131m\u0131zdan oyuncu \u00e7\u0131kart\u0131p bu oyuncular\u0131 hem A tak\u0131m\u0131m\u0131za hem de T\u00fcrk futboluna kazand\u0131rma planlar\u0131 kusursuz bir \u015fekilde yerine getirildi. \u0130lk y\u0131l\u0131m\u0131z 16 tane altyap\u0131 oyuncumuzla ve TFF 1. Lig\u2019deki son 2 haftaya kadar play-off yar\u0131\u015f\u0131nda kalmak bizim ad\u0131m\u0131za mutluluk vericiydi. Yeni sezonda bu yap\u0131y\u0131 g\u00fc\u00e7lendirerek b\u00f6lgemizin gen\u00e7lerine ve T\u00fcrk futboluna hizmet etmeye devam edece\u011fiz. Ayr\u0131ca bug\u00fcn Ankara\u2019da Sivasspor\u2019u eleyerek T\u00fcrkiye finallerinde yoluna devam eden bu 19 tak\u0131m\u0131m\u0131z\u0131 tebrik ediyorum&#8221; dedi.<\/p>\n<p>Sakaryaspor cephesi<br \/>\n<br \/>\u0130yi bir tak\u0131ma kar\u015f\u0131 oynad\u0131klar\u0131n\u0131 belirten Sakaryaspor FK Teknik Direkt\u00f6r\u00fc Murat Balaban ise, &#8220;2025-2026 sezonun son ma\u00e7\u0131n\u0131 deplasmanda oynad\u0131k. Ma\u00e7a ilk yar\u0131da ma\u00e7a iyi ba\u015flad\u0131\u011f\u0131m\u0131z\u0131 d\u00fc\u015f\u00fcn\u00fcyorum. Zaman zaman top bizde kald\u0131. H\u00fccumsal anlamda istediklerimizi yapmaya \u00e7al\u0131\u015ft\u0131k. Kenarlardan, merkezden h\u00fccumlar\u0131 denedik. Fakat son vuru\u015flar\u0131m\u0131zda biraz beceriksizdik. \u0130lk yar\u0131da biz de gol veya goller bulabilirdik. \u0130ki tane bireysel hatalardan yedi\u011fimiz gollerle ilk yar\u0131y\u0131 3-0 geride kapatt\u0131k. \u0130lk yar\u0131da biz de oyuna ortakt\u0131k. Biz Sakaryaspor olarak 2008-2010 do\u011fumlu oyuncular\u0131m\u0131za \u015fans verdik. 2007 do\u011fumlu oyuncular\u0131m\u0131za \u015fans verdik. Bizim iste\u011fimiz Sakaryaspor altyap\u0131s\u0131ndan birka\u00e7 tane gen\u00e7 oyuncumuzu kazand\u0131rabilir miyiz? Derdimiz oydu. Tabii ki rakip iyi bir rakip. Tam kadro kar\u015f\u0131m\u0131za \u00e7\u0131kt\u0131lar. Onlar iyi iyi oyunculardan kurulu bir kadro. \u0130kinci yar\u0131da savunma anlam\u0131nda baz\u0131 k\u0131r\u0131lmalar\u0131m\u0131z oldu. O k\u0131r\u0131lma noktalar\u0131nda tabii bizim tecr\u00fcbesiz arkada\u015flar\u0131m\u0131z arkada\u015flar\u0131m\u0131zdan dolay\u0131 baz\u0131 pozisyonlar verdik. Penalt\u0131dan bir tane gol yedik. Ama genel anlamda bakt\u0131\u011f\u0131m zaman bizim gen\u00e7 oyuncular\u0131m\u0131z\u0131n istedi\u011fimiz geri d\u00f6n\u00fc\u015f\u00fc baz\u0131 oyunculardan ald\u0131\u011f\u0131m\u0131z\u0131 d\u00fc\u015f\u00fcn\u00fcyorum. \u0130lerisi i\u00e7in gen\u00e7 oyuncular\u0131m\u0131z\u0131n \u00fcmit verdi\u011fini d\u00fc\u015f\u00fcn\u00fcyorum&#8221; dedi.<br \/><\/p>\n","protected":false},"excerpt":{"rendered":"<p>Trendyol 1. Lig\u2019in 38. haftas\u0131nda oynanan Manisa FK-Sakaryaspor kar\u015f\u0131la\u015fmas\u0131n\u0131n ard\u0131ndan her iki tak\u0131m\u0131n teknik sorumlular\u0131 a\u00e7\u0131klamalarda bulundu. Trendyol 1. Lig\u2019in 38. hafta kar\u015f\u0131la\u015fmas\u0131nda Manisa FK, sahas\u0131nda Sakaryaspor\u2019u 5-0 ma\u011flup etti. Ma\u00e7\u0131n ard\u0131ndan konu\u015fan Manisa FK Yard\u0131mc\u0131 Antren\u00f6r\u00fc Abidin \u00c7akmak, &#8220;Skordan ba\u011f\u0131ms\u0131z olarak kul\u00fcp y\u00f6netimimiz A\u011fustos ay\u0131nda g\u00f6revi devrald\u0131. K\u0131sa vade plan\u0131 i\u00e7inde ve TFF 1&#8230;.<\/p>\n","protected":false},"author":1,"featured_media":99918,"comment_status":"open","ping_status":"open","sticky":false,"template":"","format":"standard","meta":{"_crdt_document":"","footnotes":""},"categories":[4],"tags":[],"class_list":["post-99917","post","type-post","status-publish","format-standard","has-post-thumbnail","hentry","category-spor"],"_links":{"self":[{"href":"https:\/\/www.egemtv.com\/index.php?rest_route=\/wp\/v2\/posts\/99917","targetHints":{"allow":["GET"]}}],"collection":[{"href":"https:\/\/www.egemtv.com\/index.php?rest_route=\/wp\/v2\/posts"}],"about":[{"href":"https:\/\/www.egemtv.com\/index.php?rest_route=\/wp\/v2\/types\/post"}],"author":[{"embeddable":true,"href":"https:\/\/www.egemtv.com\/index.php?rest_route=\/wp\/v2\/users\/1"}],"replies":[{"embeddable":true,"href":"https:\/\/www.egemtv.com\/index.php?rest_route=%2Fwp%2Fv2%2Fcomments&post=99917"}],"version-history":[{"count":1,"href":"https:\/\/www.egemtv.com\/index.php?rest_route=\/wp\/v2\/posts\/99917\/revisions"}],"predecessor-version":[{"id":99919,"href":"https:\/\/www.egemtv.com\/index.php?rest_route=\/wp\/v2\/posts\/99917\/revisions\/99919"}],"wp:featuredmedia":[{"embeddable":true,"href":"https:\/\/www.egemtv.com\/index.php?rest_route=\/wp\/v2\/media\/99918"}],"wp:attachment":[{"href":"https:\/\/www.egemtv.com\/index.php?rest_route=%2Fwp%2Fv2%2Fmedia&parent=99917"}],"wp:term":[{"taxonomy":"category","embeddable":true,"href":"https:\/\/www.egemtv.com\/index.php?rest_route=%2Fwp%2Fv2%2Fcategories&post=99917"},{"taxonomy":"post_tag","embeddable":true,"href":"https:\/\/www.egemtv.com\/index.php?rest_route=%2Fwp%2Fv2%2Ftags&post=99917"}],"curies":[{"name":"wp","href":"https:\/\/api.w.org\/{rel}","templated":true}]}}