{"id":99914,"date":"2026-05-01T22:36:38","date_gmt":"2026-05-01T19:36:38","guid":{"rendered":"https:\/\/www.egemtv.com\/?p=99914"},"modified":"2026-05-01T22:36:39","modified_gmt":"2026-05-01T19:36:39","slug":"kutahyada-afetlere-karsi-kamu-stk-is-birligi-gucleniyor","status":"publish","type":"post","link":"https:\/\/www.egemtv.com\/?p=99914","title":{"rendered":"K\u00fctahya\u2019da afetlere kar\u015f\u0131 Kamu-STK i\u015f birli\u011fi g\u00fc\u00e7leniyor"},"content":{"rendered":"<p>K\u00fctahya Belediyesi ile Biyonik Kulakl\u0131 \u0130\u015fitme Engelliler Derne\u011fi aras\u0131nda, afet s\u00fcre\u00e7lerinde koordinasyonu art\u0131rmay\u0131 ama\u00e7layan protokol imzaland\u0131.<br \/>\n<br \/>&#8220;Afetlerde Kamu-STK \u0130\u015f Birli\u011fini G\u00fc\u00e7lendirme Projesi&#8221; kapsam\u0131nda ger\u00e7ekle\u015ftirilen imza t\u00f6renine Belediye Ba\u015fkan\u0131 Ey\u00fcp Kahveci ile Dernek Ba\u015fkan\u0131 ve Proje Koordinat\u00f6r\u00fc Nimet Sar\u0131kaya, dernek \u00fcyesi \u00d6zlem A\u015far kat\u0131ld\u0131.<br \/>\n<br \/>\u0130mzalanan protokol ile afet \u00f6ncesi, afet an\u0131 ve sonras\u0131nda kamu kurumlar\u0131 ile sivil toplum kurulu\u015flar\u0131 aras\u0131nda daha h\u0131zl\u0131, etkin ve g\u00fc\u00e7l\u00fc bir i\u015f birli\u011fi mekanizmas\u0131 kurulmas\u0131 hedefleniyor. Bu kapsamda, kurumlar aras\u0131 koordinasyonun art\u0131r\u0131lmas\u0131 ve kriz y\u00f6netiminde daha sistematik bir yakla\u015f\u0131m geli\u015ftirilmesi planlan\u0131yor.<br \/>\n<br \/>Proje \u00e7er\u00e7evesinde \u00f6zellikle dezavantajl\u0131 bireylerin afet s\u00fcre\u00e7lerinde bilgiye eri\u015fiminin kolayla\u015ft\u0131r\u0131lmas\u0131 \u00f6ncelikli hedefler aras\u0131nda yer al\u0131yor. Eri\u015filebilir ileti\u015fim y\u00f6ntemlerinin yayg\u0131nla\u015ft\u0131r\u0131lmas\u0131, i\u015fitme engelli bireyler ba\u015fta olmak \u00fczere t\u00fcm vatanda\u015flar\u0131n kriz anlar\u0131nda do\u011fru ve h\u0131zl\u0131 \u015fekilde bilgilendirilmesi i\u00e7in \u00e7e\u015fitli \u00e7al\u0131\u015fmalar y\u00fcr\u00fct\u00fclecek.<br \/>\n<br \/>K\u00fctahya Belediye Ba\u015fkan\u0131 Ey\u00fcp Kahveci, toplumun t\u00fcm kesimlerini kapsayan g\u00fc\u00e7l\u00fc bir ileti\u015fim a\u011f\u0131 kurulmas\u0131n\u0131n \u00f6nemine dikkat \u00e7ekerek, imzalanan protokol\u00fcn hay\u0131rl\u0131 olmas\u0131 temennisinde bulundu.<br \/><\/p>\n","protected":false},"excerpt":{"rendered":"<p>K\u00fctahya Belediyesi ile Biyonik Kulakl\u0131 \u0130\u015fitme Engelliler Derne\u011fi aras\u0131nda, afet s\u00fcre\u00e7lerinde koordinasyonu art\u0131rmay\u0131 ama\u00e7layan protokol imzaland\u0131. &#8220;Afetlerde Kamu-STK \u0130\u015f Birli\u011fini G\u00fc\u00e7lendirme Projesi&#8221; kapsam\u0131nda ger\u00e7ekle\u015ftirilen imza t\u00f6renine Belediye Ba\u015fkan\u0131 Ey\u00fcp Kahveci ile Dernek Ba\u015fkan\u0131 ve Proje Koordinat\u00f6r\u00fc Nimet Sar\u0131kaya, dernek \u00fcyesi \u00d6zlem A\u015far kat\u0131ld\u0131. \u0130mzalanan protokol ile afet \u00f6ncesi, afet an\u0131 ve sonras\u0131nda kamu kurumlar\u0131 ile&#8230;<\/p>\n","protected":false},"author":1,"featured_media":99915,"comment_status":"open","ping_status":"open","sticky":false,"template":"","format":"standard","meta":{"_crdt_document":"","footnotes":""},"categories":[123],"tags":[],"class_list":["post-99914","post","type-post","status-publish","format-standard","has-post-thumbnail","hentry","category-gundem"],"_links":{"self":[{"href":"https:\/\/www.egemtv.com\/index.php?rest_route=\/wp\/v2\/posts\/99914","targetHints":{"allow":["GET"]}}],"collection":[{"href":"https:\/\/www.egemtv.com\/index.php?rest_route=\/wp\/v2\/posts"}],"about":[{"href":"https:\/\/www.egemtv.com\/index.php?rest_route=\/wp\/v2\/types\/post"}],"author":[{"embeddable":true,"href":"https:\/\/www.egemtv.com\/index.php?rest_route=\/wp\/v2\/users\/1"}],"replies":[{"embeddable":true,"href":"https:\/\/www.egemtv.com\/index.php?rest_route=%2Fwp%2Fv2%2Fcomments&post=99914"}],"version-history":[{"count":1,"href":"https:\/\/www.egemtv.com\/index.php?rest_route=\/wp\/v2\/posts\/99914\/revisions"}],"predecessor-version":[{"id":99916,"href":"https:\/\/www.egemtv.com\/index.php?rest_route=\/wp\/v2\/posts\/99914\/revisions\/99916"}],"wp:featuredmedia":[{"embeddable":true,"href":"https:\/\/www.egemtv.com\/index.php?rest_route=\/wp\/v2\/media\/99915"}],"wp:attachment":[{"href":"https:\/\/www.egemtv.com\/index.php?rest_route=%2Fwp%2Fv2%2Fmedia&parent=99914"}],"wp:term":[{"taxonomy":"category","embeddable":true,"href":"https:\/\/www.egemtv.com\/index.php?rest_route=%2Fwp%2Fv2%2Fcategories&post=99914"},{"taxonomy":"post_tag","embeddable":true,"href":"https:\/\/www.egemtv.com\/index.php?rest_route=%2Fwp%2Fv2%2Ftags&post=99914"}],"curies":[{"name":"wp","href":"https:\/\/api.w.org\/{rel}","templated":true}]}}