{"id":99911,"date":"2026-05-01T22:00:56","date_gmt":"2026-05-01T19:00:56","guid":{"rendered":"https:\/\/www.egemtv.com\/?p=99911"},"modified":"2026-05-01T22:00:57","modified_gmt":"2026-05-01T19:00:57","slug":"isci-bayraminin-oteki-yuzu","status":"publish","type":"post","link":"https:\/\/www.egemtv.com\/?p=99911","title":{"rendered":"\u0130\u015f\u00e7i Bayram\u0131\u2019n\u0131n \u00f6teki y\u00fcz\u00fc"},"content":{"rendered":"<p>1 May\u0131s \u0130\u015f\u00e7i Bayram\u0131 \u00fclke genelinde d\u00fczenlenen \u00e7e\u015fitli etkinliklerle kutlan\u0131rken, Ayd\u0131n\u2019da tar\u0131m \u00e7al\u0131\u015fanlar\u0131 bayramlar\u0131n\u0131 meydanlarda de\u011fil ekmek paras\u0131 i\u00e7in tarlada kutlad\u0131. Ayd\u0131n\u2019da uzun s\u00fcren k\u0131\u015f mevsiminin ard\u0131ndan tarlaya inen ve adeta zamanla yar\u0131\u015fan emek\u00e7iler, g\u00fcnlerini tatil yaparak ve alanda de\u011fi\u015f tarlada \u00e7al\u0131\u015farak ge\u00e7irdi.<br \/>\n<br \/>\u0130\u015f\u00e7i bayram\u0131n\u0131n kendilerine g\u00f6re bir anlam ifade etmedi\u011fini ve tatil yapanlar\u0131n g\u00fcn\u00fcn\u00fcn bayram oldu\u011funu belirten tar\u0131m \u00e7al\u0131\u015fanlar\u0131 &#8220;Bizim bayram\u0131m\u0131z hasat sezonunda eme\u011fimizin kar\u015f\u0131l\u0131\u011f\u0131n\u0131 al\u0131rsak oluyor. Bize g\u00f6re bayram ger\u00e7ek \u00e7al\u0131\u015fanlar\u0131n de\u011fil&#8221; diye konu\u015ftular.<br \/>\n<br \/>Tarlalar\u0131n ekim ve dikim sezonu olmas\u0131 nedeniyle adeta zamanla yar\u0131\u015ft\u0131klar\u0131n\u0131 belirten Ayd\u0131nl\u0131 \u00e7ift\u00e7ilerden \u00c7ine Kahramank\u00f6y sakinlerinden 66 ya\u015f\u0131ndaki Ercan Kemer, i\u015f\u00e7i bayram\u0131n\u0131 sadece takvimlerden ve haberlerden fark ettiklerini belirterek bug\u00fcn\u00fc havan\u0131n da m\u00fcsait olmas\u0131 nedeniyle \u00e7al\u0131\u015farak ge\u00e7irdiklerini s\u00f6yledi.<br \/>\n<br \/>Resmi tatil olarak kutlanan 1 May\u0131s \u0130\u015f\u00e7i Bayram\u0131 dolay\u0131s\u0131yla kutlamalar \u015fehirlerde yap\u0131l\u0131rken k\u00f6ylerde ve tar\u0131m i\u015flerinde \u00e7al\u0131\u015fan herkes yo\u011fun bir mesai yapt\u0131. Ayd\u0131n il genelinde ge\u00e7imini tar\u0131m i\u015fleri ile sa\u011flayanlar i\u015f\u00e7iler i\u00e7in 1 May\u0131\u2019\u0131n di\u011fer g\u00fcnlerden herhangi bir fark\u0131 olmazken tar\u0131m \u00e7al\u0131\u015fanlar\u0131 bayramlar\u0131n\u0131 adeta zamanla yar\u0131\u015farak ge\u00e7irdi.<br \/><\/p>\n","protected":false},"excerpt":{"rendered":"<p>1 May\u0131s \u0130\u015f\u00e7i Bayram\u0131 \u00fclke genelinde d\u00fczenlenen \u00e7e\u015fitli etkinliklerle kutlan\u0131rken, Ayd\u0131n\u2019da tar\u0131m \u00e7al\u0131\u015fanlar\u0131 bayramlar\u0131n\u0131 meydanlarda de\u011fil ekmek paras\u0131 i\u00e7in tarlada kutlad\u0131. Ayd\u0131n\u2019da uzun s\u00fcren k\u0131\u015f mevsiminin ard\u0131ndan tarlaya inen ve adeta zamanla yar\u0131\u015fan emek\u00e7iler, g\u00fcnlerini tatil yaparak ve alanda de\u011fi\u015f tarlada \u00e7al\u0131\u015farak ge\u00e7irdi. \u0130\u015f\u00e7i bayram\u0131n\u0131n kendilerine g\u00f6re bir anlam ifade etmedi\u011fini ve tatil yapanlar\u0131n g\u00fcn\u00fcn\u00fcn&#8230;<\/p>\n","protected":false},"author":1,"featured_media":99912,"comment_status":"open","ping_status":"open","sticky":false,"template":"","format":"standard","meta":{"_crdt_document":"","footnotes":""},"categories":[1],"tags":[],"class_list":["post-99911","post","type-post","status-publish","format-standard","has-post-thumbnail","hentry","category-guncel"],"_links":{"self":[{"href":"https:\/\/www.egemtv.com\/index.php?rest_route=\/wp\/v2\/posts\/99911","targetHints":{"allow":["GET"]}}],"collection":[{"href":"https:\/\/www.egemtv.com\/index.php?rest_route=\/wp\/v2\/posts"}],"about":[{"href":"https:\/\/www.egemtv.com\/index.php?rest_route=\/wp\/v2\/types\/post"}],"author":[{"embeddable":true,"href":"https:\/\/www.egemtv.com\/index.php?rest_route=\/wp\/v2\/users\/1"}],"replies":[{"embeddable":true,"href":"https:\/\/www.egemtv.com\/index.php?rest_route=%2Fwp%2Fv2%2Fcomments&post=99911"}],"version-history":[{"count":1,"href":"https:\/\/www.egemtv.com\/index.php?rest_route=\/wp\/v2\/posts\/99911\/revisions"}],"predecessor-version":[{"id":99913,"href":"https:\/\/www.egemtv.com\/index.php?rest_route=\/wp\/v2\/posts\/99911\/revisions\/99913"}],"wp:featuredmedia":[{"embeddable":true,"href":"https:\/\/www.egemtv.com\/index.php?rest_route=\/wp\/v2\/media\/99912"}],"wp:attachment":[{"href":"https:\/\/www.egemtv.com\/index.php?rest_route=%2Fwp%2Fv2%2Fmedia&parent=99911"}],"wp:term":[{"taxonomy":"category","embeddable":true,"href":"https:\/\/www.egemtv.com\/index.php?rest_route=%2Fwp%2Fv2%2Fcategories&post=99911"},{"taxonomy":"post_tag","embeddable":true,"href":"https:\/\/www.egemtv.com\/index.php?rest_route=%2Fwp%2Fv2%2Ftags&post=99911"}],"curies":[{"name":"wp","href":"https:\/\/api.w.org\/{rel}","templated":true}]}}