{"id":99905,"date":"2026-05-01T22:00:53","date_gmt":"2026-05-01T19:00:53","guid":{"rendered":"https:\/\/www.egemtv.com\/?p=99905"},"modified":"2026-05-01T22:00:54","modified_gmt":"2026-05-01T19:00:54","slug":"muglaspora-taraftarlardan-mesaleli-karsilama","status":"publish","type":"post","link":"https:\/\/www.egemtv.com\/?p=99905","title":{"rendered":"Mu\u011flaspor\u2019a taraftarlardan me\u015faleli kar\u015f\u0131lama"},"content":{"rendered":"<p>TFF 2. Lig Beyaz Grup play-off m\u00fccadelesinin ilk aya\u011f\u0131ndan 1-0\u2019l\u0131k galibiyetle d\u00f6nen Mu\u011flaspor, tesisler \u00f6n\u00fcnde taraftarlar\u0131n me\u015faleli \u015fovlar\u0131yla kar\u015f\u0131land\u0131. Kar\u015f\u0131lama t\u00f6reninde konu\u015fan Ba\u015fkan Menaf K\u0131yan\u00e7, galibiyet sevincinden ziyade T\u00fcrk futbolundaki &#8220;k\u00fcf\u00fcr&#8221; sorununa dikkat \u00e7ekerek centilmenlik \u00e7a\u011fr\u0131s\u0131nda bulundu.<br \/>\n<br \/>Deplasmanda al\u0131nan kritik galibiyetin ard\u0131ndan Mu\u011fla\u2019ya d\u00f6nen ye\u015fil-beyazl\u0131 kafileyi, Mu\u011flaspor tesisleri \u00f6n\u00fcnde b\u00fcy\u00fck bir taraftar toplulu\u011fu kar\u015f\u0131lad\u0131. Sloganlar ve me\u015faleler e\u015fli\u011finde futbolculara sevgi g\u00f6sterisinde bulunan taraftarlara seslenen Kul\u00fcp Ba\u015fkan\u0131 Menaf K\u0131yan\u00e7, son g\u00fcnlerde ya\u015fanan olaylara ve maruz kald\u0131klar\u0131 hakaretlere tepki g\u00f6sterdi.<br \/>\n<br \/>Konu\u015fmas\u0131na son d\u00f6nemde ya\u015fanan gerginliklere de\u011finerek ba\u015flayan K\u0131yan\u00e7, maruz kald\u0131klar\u0131 muameleyi \u015fu s\u00f6zlerle ifade etti: &#8220;Yakla\u015f\u0131k 10 g\u00fcnd\u00fcr bir lin\u00e7 ya\u015f\u0131yoruz. Biz Mu\u011fla\u2019n\u0131n T\u00fcrkiye\u2019nin en g\u00fczel \u015fehri oldu\u011funu; buradaki insanlar\u0131n ahlakl\u0131, karakterli oldu\u011funu ve bu i\u015fi do\u011fru yapt\u0131\u011f\u0131n\u0131 ispatlayaca\u011f\u0131z. Hayat\u0131m boyunca ilk defa bu \u015fekilde k\u00fcf\u00fcrler i\u015fittim. Bunu asla hak etmedik.&#8221;<\/p>\n<p>&#8220;Onlar\u0131n yapt\u0131\u011f\u0131n\u0131 yaparsak fark\u0131m\u0131z kalmaz&#8221;<br \/>\n<br \/>Ba\u015fkan K\u0131yan\u00e7, Mu\u011flaspor taraftar\u0131ndan sa\u011fduyu ve centilmenlik bekledi\u011fini vurgulad\u0131. Statlardaki k\u00fcf\u00fcr k\u00fclt\u00fcr\u00fcn\u00fcn sona ermesi gerekti\u011fini belirten K\u0131yan\u00e7, &#8220;Biz bize yak\u0131\u015fan\u0131 yapaca\u011f\u0131z. Buraya gelen hi\u00e7bir tak\u0131ma k\u00fcf\u00fcr etmeyece\u011fiz. E\u011fer biz onlar\u0131n yapt\u0131\u011f\u0131n\u0131 yaparsak, onlardan hi\u00e7bir fark\u0131m\u0131z kalmaz&#8221; dedi.<\/p>\n<p>&#8220;K\u00fcf\u00fcr su\u00e7 say\u0131lmal\u0131, adalet herkese e\u015fit olmal\u0131&#8221;<br \/>\n<br \/>Ba\u015fkan K\u0131yan\u00e7, stadyumlardaki toplu k\u00fcf\u00fcr eylemlerine kar\u015f\u0131 sert bir ele\u015ftiri getirerek, hukuksal bir k\u0131yaslama yapt\u0131: &#8220;Statlarda 15-20 bin ki\u015fi bir insan\u0131n ailesine k\u00fcfredemez. Bunun de\u011fi\u015fmesi gerekiyor.&#8221;<\/p>\n<p>Harekete ge\u00e7me \u00e7a\u011fr\u0131s\u0131: &#8220;Gelin bu devrimi yapal\u0131m&#8221;<br \/>\n<br \/>Konu\u015fmas\u0131n\u0131n sonunda taraftar\u0131na bir vizyon \u00e7izen Menaf K\u0131yan\u00e7, Mu\u011flaspor\u2019un T\u00fcrk futbolunda bir zihniyet devrimi ba\u015flatmas\u0131n\u0131 isteyerek, &#8220;E\u011fer benim taraftar\u0131m k\u00fcfretti\u011finde alk\u0131\u015fl\u0131yorsam, bu eninde sonunda bize geri d\u00f6necek. Biz T\u00fcrkiye\u2019de son 10 g\u00fcnde ger\u00e7ekten bir \u015feyleri de\u011fi\u015ftirdik. Sizden ricam bunu devam ettirelim. Gelin bu devrimi hep birlikte yapal\u0131m&#8221; a\u00e7\u0131klamas\u0131nda bulundu.<br \/><\/p>\n","protected":false},"excerpt":{"rendered":"<p>TFF 2. Lig Beyaz Grup play-off m\u00fccadelesinin ilk aya\u011f\u0131ndan 1-0\u2019l\u0131k galibiyetle d\u00f6nen Mu\u011flaspor, tesisler \u00f6n\u00fcnde taraftarlar\u0131n me\u015faleli \u015fovlar\u0131yla kar\u015f\u0131land\u0131. Kar\u015f\u0131lama t\u00f6reninde konu\u015fan Ba\u015fkan Menaf K\u0131yan\u00e7, galibiyet sevincinden ziyade T\u00fcrk futbolundaki &#8220;k\u00fcf\u00fcr&#8221; sorununa dikkat \u00e7ekerek centilmenlik \u00e7a\u011fr\u0131s\u0131nda bulundu. Deplasmanda al\u0131nan kritik galibiyetin ard\u0131ndan Mu\u011fla\u2019ya d\u00f6nen ye\u015fil-beyazl\u0131 kafileyi, Mu\u011flaspor tesisleri \u00f6n\u00fcnde b\u00fcy\u00fck bir taraftar toplulu\u011fu kar\u015f\u0131lad\u0131. Sloganlar&#8230;<\/p>\n","protected":false},"author":1,"featured_media":99906,"comment_status":"open","ping_status":"open","sticky":false,"template":"","format":"standard","meta":{"_crdt_document":"","footnotes":""},"categories":[4],"tags":[],"class_list":["post-99905","post","type-post","status-publish","format-standard","has-post-thumbnail","hentry","category-spor"],"_links":{"self":[{"href":"https:\/\/www.egemtv.com\/index.php?rest_route=\/wp\/v2\/posts\/99905","targetHints":{"allow":["GET"]}}],"collection":[{"href":"https:\/\/www.egemtv.com\/index.php?rest_route=\/wp\/v2\/posts"}],"about":[{"href":"https:\/\/www.egemtv.com\/index.php?rest_route=\/wp\/v2\/types\/post"}],"author":[{"embeddable":true,"href":"https:\/\/www.egemtv.com\/index.php?rest_route=\/wp\/v2\/users\/1"}],"replies":[{"embeddable":true,"href":"https:\/\/www.egemtv.com\/index.php?rest_route=%2Fwp%2Fv2%2Fcomments&post=99905"}],"version-history":[{"count":1,"href":"https:\/\/www.egemtv.com\/index.php?rest_route=\/wp\/v2\/posts\/99905\/revisions"}],"predecessor-version":[{"id":99907,"href":"https:\/\/www.egemtv.com\/index.php?rest_route=\/wp\/v2\/posts\/99905\/revisions\/99907"}],"wp:featuredmedia":[{"embeddable":true,"href":"https:\/\/www.egemtv.com\/index.php?rest_route=\/wp\/v2\/media\/99906"}],"wp:attachment":[{"href":"https:\/\/www.egemtv.com\/index.php?rest_route=%2Fwp%2Fv2%2Fmedia&parent=99905"}],"wp:term":[{"taxonomy":"category","embeddable":true,"href":"https:\/\/www.egemtv.com\/index.php?rest_route=%2Fwp%2Fv2%2Fcategories&post=99905"},{"taxonomy":"post_tag","embeddable":true,"href":"https:\/\/www.egemtv.com\/index.php?rest_route=%2Fwp%2Fv2%2Ftags&post=99905"}],"curies":[{"name":"wp","href":"https:\/\/api.w.org\/{rel}","templated":true}]}}