{"id":99902,"date":"2026-05-01T22:00:52","date_gmt":"2026-05-01T19:00:52","guid":{"rendered":"https:\/\/www.egemtv.com\/?p=99902"},"modified":"2026-05-01T22:00:53","modified_gmt":"2026-05-01T19:00:53","slug":"kusadasinda-1-mayis-kutlamalari-omer-gunel-mitingine-dondu","status":"publish","type":"post","link":"https:\/\/www.egemtv.com\/?p=99902","title":{"rendered":"Ku\u015fadas\u0131\u2019nda 1 May\u0131s kutlamalar\u0131 \u00d6mer G\u00fcnel mitingine d\u00f6nd\u00fc"},"content":{"rendered":"<p>\u00dclke genelinde oldu\u011fu gibi Ayd\u0131n\u2019da da 1 May\u0131s \u0130\u015f\u00e7i Bayram\u0131 \u00e7e\u015fitli etkinliklerle kutlan\u0131rken Ku\u015fadas\u0131\u2019ndaki kutlamalar adeta tutuklu olan Beleidye Ba\u015fkan\u0131 \u00d6mer G\u00fcnel mitingine d\u00f6n\u00fc\u015ft\u00fc. CHP Ayd\u0131n \u0130l Te\u015fkilat\u0131\u2019n\u0131n yo\u011fun kat\u0131l\u0131m g\u00f6sterdi\u011fi kutlamalarda \u00d6mer G\u00fcnel\u2019in cezaevinden g\u00f6nderdi\u011fi mesaj da okundu.<br \/>\n<br \/>\u0130\u015f\u00e7i Bayram\u0131 kutlamalar\u0131 dolay\u0131s\u0131yla olu\u015fturulan kortej, Meteoroloji Kav\u015fa\u011f\u0131\u2019ndan y\u00fcr\u00fcy\u00fc\u015fe ba\u015flad\u0131. CHP Ayd\u0131n \u0130l Te\u015fkilat\u0131\u2019n\u0131n yan\u0131 s\u0131ra CHP\u2019li milletvekillerinin de kat\u0131ld\u0131\u011f\u0131 y\u00fcr\u00fcy\u00fc\u015f \u0130smail Cem Dostluk ve Bar\u0131\u015f Meydan\u0131\u2019na kadar devam etti. Adeta, tutuklu Belediye Ba\u015fkan\u0131 \u00d6mer G\u00fcnel mitingine d\u00f6n\u00fc\u015fen 1 May\u0131s kutlamalar\u0131nda \u00d6mer G\u00fcnel\u2019in Silivri Cezaevi\u2019nden g\u00f6nderdi\u011fi mesaj okundu. \u00d6mer G\u00fcnel\u2019in Silivri\u2019den g\u00f6nderdi\u011fi mesaj\u0131 CHP Ku\u015fadas\u0131 \u0130l\u00e7e Ba\u015fkan\u0131 Mehmet G\u00fcrbilek okudu. \u00d6mer G\u00fcnel mesaj\u0131nda, y\u00fcre\u011finde her ne kadar co\u015fku ve sevin\u00e7 bulunmasa da, umudun hep var oldu\u011funu belirtti\u011fi ifade edildi.<br \/><\/p>\n","protected":false},"excerpt":{"rendered":"<p>\u00dclke genelinde oldu\u011fu gibi Ayd\u0131n\u2019da da 1 May\u0131s \u0130\u015f\u00e7i Bayram\u0131 \u00e7e\u015fitli etkinliklerle kutlan\u0131rken Ku\u015fadas\u0131\u2019ndaki kutlamalar adeta tutuklu olan Beleidye Ba\u015fkan\u0131 \u00d6mer G\u00fcnel mitingine d\u00f6n\u00fc\u015ft\u00fc. CHP Ayd\u0131n \u0130l Te\u015fkilat\u0131\u2019n\u0131n yo\u011fun kat\u0131l\u0131m g\u00f6sterdi\u011fi kutlamalarda \u00d6mer G\u00fcnel\u2019in cezaevinden g\u00f6nderdi\u011fi mesaj da okundu. \u0130\u015f\u00e7i Bayram\u0131 kutlamalar\u0131 dolay\u0131s\u0131yla olu\u015fturulan kortej, Meteoroloji Kav\u015fa\u011f\u0131\u2019ndan y\u00fcr\u00fcy\u00fc\u015fe ba\u015flad\u0131. CHP Ayd\u0131n \u0130l Te\u015fkilat\u0131\u2019n\u0131n yan\u0131 s\u0131ra&#8230;<\/p>\n","protected":false},"author":1,"featured_media":99903,"comment_status":"open","ping_status":"open","sticky":false,"template":"","format":"standard","meta":{"_crdt_document":"","footnotes":""},"categories":[1],"tags":[],"class_list":["post-99902","post","type-post","status-publish","format-standard","has-post-thumbnail","hentry","category-guncel"],"_links":{"self":[{"href":"https:\/\/www.egemtv.com\/index.php?rest_route=\/wp\/v2\/posts\/99902","targetHints":{"allow":["GET"]}}],"collection":[{"href":"https:\/\/www.egemtv.com\/index.php?rest_route=\/wp\/v2\/posts"}],"about":[{"href":"https:\/\/www.egemtv.com\/index.php?rest_route=\/wp\/v2\/types\/post"}],"author":[{"embeddable":true,"href":"https:\/\/www.egemtv.com\/index.php?rest_route=\/wp\/v2\/users\/1"}],"replies":[{"embeddable":true,"href":"https:\/\/www.egemtv.com\/index.php?rest_route=%2Fwp%2Fv2%2Fcomments&post=99902"}],"version-history":[{"count":1,"href":"https:\/\/www.egemtv.com\/index.php?rest_route=\/wp\/v2\/posts\/99902\/revisions"}],"predecessor-version":[{"id":99904,"href":"https:\/\/www.egemtv.com\/index.php?rest_route=\/wp\/v2\/posts\/99902\/revisions\/99904"}],"wp:featuredmedia":[{"embeddable":true,"href":"https:\/\/www.egemtv.com\/index.php?rest_route=\/wp\/v2\/media\/99903"}],"wp:attachment":[{"href":"https:\/\/www.egemtv.com\/index.php?rest_route=%2Fwp%2Fv2%2Fmedia&parent=99902"}],"wp:term":[{"taxonomy":"category","embeddable":true,"href":"https:\/\/www.egemtv.com\/index.php?rest_route=%2Fwp%2Fv2%2Fcategories&post=99902"},{"taxonomy":"post_tag","embeddable":true,"href":"https:\/\/www.egemtv.com\/index.php?rest_route=%2Fwp%2Fv2%2Ftags&post=99902"}],"curies":[{"name":"wp","href":"https:\/\/api.w.org\/{rel}","templated":true}]}}