{"id":99896,"date":"2026-05-01T20:50:54","date_gmt":"2026-05-01T17:50:54","guid":{"rendered":"https:\/\/www.egemtv.com\/?p=99896"},"modified":"2026-05-01T20:50:55","modified_gmt":"2026-05-01T17:50:55","slug":"tavasta-emegin-bayrami-sofrada-kutlandi-baskan-tatiltan-anlamli-bulusma","status":"publish","type":"post","link":"https:\/\/www.egemtv.com\/?p=99896","title":{"rendered":"Tavas\u2019ta eme\u011fin bayram\u0131 sofrada kutland\u0131; Ba\u015fkan Tat\u0131l\u2019tan anlaml\u0131 bulu\u015fma"},"content":{"rendered":"<p>Tavas Belediye Ba\u015fkan\u0131 Kadir Tat\u0131k, 1 May\u0131s Emek ve Dayan\u0131\u015fma G\u00fcn\u00fc\u2019nde, \u015fehrin temizli\u011finden ve bak\u0131m\u0131ndan sorumlu olan saha personeliyle \u00f6\u011fle yeme\u011finde bir araya geldi. Kamu hizmetinin aksamamas\u0131 ad\u0131na normal \u015fartlarda resm\u00ee tatillerde de vardiyal\u0131 olarak \u00e7al\u0131\u015fan belediye i\u015f\u00e7ileri, bu y\u0131l Ba\u015fkan Tat\u0131k\u2019\u0131n \u00f6zel hassasiyetiyle bayram\u0131 sahada de\u011fil, kurulan g\u00f6n\u00fcl sofras\u0131nda kutlad\u0131.<\/p>\n<p>Belediyecilik hizmetlerinin 7\/24 esas\u0131na dayal\u0131 olmas\u0131 nedeniyle bayram g\u00fcnlerinde bile g\u00f6rev ba\u015f\u0131nda olan temizlik ve saha personeli i\u00e7in bu y\u0131l farkl\u0131 bir uygulama hayata ge\u00e7irildi. Tavas Belediye Ba\u015fkan\u0131 Kadir Tat\u0131k, &#8220;Hizmet bir \u015fekilde y\u00fcr\u00fcr ama k\u0131r\u0131lan g\u00f6n\u00fcller onar\u0131lamaz&#8221; anlay\u0131\u015f\u0131yla, bayram\u0131n as\u0131l sahibi olan i\u015f\u00e7ilerin dinlenmesi ve onurland\u0131r\u0131lmas\u0131 i\u00e7in saha \u00e7al\u0131\u015fmalar\u0131na ara vererek personeliyle sofra ba\u015f\u0131nda bulu\u015ftu.<\/p>\n<p>&#8220;Biz b\u00fcy\u00fck bir aileyiz&#8221;<br \/>\n<br \/>\u00d6\u011fle saatlerinde ger\u00e7ekle\u015fen bulu\u015fmada, protokol kurallar\u0131n\u0131 bir kenara b\u0131rakarak i\u015f\u00e7ilerin yan\u0131na oturan Ba\u015fkan Kadir Tat\u0131k, personeliyle samimi bir sohbet ger\u00e7ekle\u015ftirdi. Tavas\u2019\u0131n her soka\u011f\u0131nda eme\u011fi olan i\u015f\u00e7ilerin sorunlar\u0131n\u0131 ve taleplerini dinleyen Tat\u0131k, belediye \u00e7al\u0131\u015fanlar\u0131n\u0131n birer &#8220;personel&#8221; olman\u0131n \u00f6tesinde, Tavas\u2019\u0131n gelece\u011fini in\u015fa eden birer aile ferdi oldu\u011funu vurgulad\u0131. Bu anlaml\u0131 bulu\u015fma, belediye koridorlar\u0131nda ve sahada hakim olan &#8220;G\u00f6n\u00fcl Belediyecili\u011fi&#8221; anlay\u0131\u015f\u0131n\u0131n en somut \u00f6rne\u011fi olarak kayda ge\u00e7ti.<\/p>\n<p>Tavas\u2019\u0131 daha g\u00fczel bir yar\u0131n i\u00e7in \u00e7al\u0131\u015fan i\u015f\u00e7ilerin bayram\u0131n\u0131 y\u00fcrekten kutlayan Ba\u015fkan Tat\u0131k; &#8220;Bizim anlay\u0131\u015f\u0131m\u0131zda i\u015f\u00e7i, sadece i\u015fi yapan de\u011fil; bu \u015fehre hayat veren, onu ayakta tutan asli g\u00fc\u00e7t\u00fcr. Bug\u00fcn 1 May\u0131s; yani bu \u015fehrin her soka\u011f\u0131nda izi olan, gecesini g\u00fcnd\u00fcz\u00fcne katan i\u015f\u00e7i karde\u015flerimin g\u00fcn\u00fc. \u0130stedik ki, her g\u00fcn bizim i\u00e7in ter d\u00f6ken mesai arkada\u015flar\u0131m\u0131z, bu \u00f6zel g\u00fcn\u00fc \u00e7al\u0131\u015farak de\u011fil, bir nebze de olsa nefes alarak ge\u00e7irsinler. Bizim i\u00e7in en b\u00fcy\u00fck proje, \u00e7al\u0131\u015fan\u0131m\u0131z\u0131n y\u00fcz\u00fcndeki tebess\u00fcmd\u00fcr. Ekme\u011fini helalinden kazanan, Tavas\u2019\u0131 daha g\u00fczel bir yar\u0131n i\u00e7in ilmek ilmek dokuyan t\u00fcm i\u015f\u00e7i karde\u015flerimin bayram\u0131n\u0131 y\u00fcrekten kutluyorum. \u0130yi ki vars\u0131n\u0131z&#8221; dedi.<br \/><\/p>\n","protected":false},"excerpt":{"rendered":"<p>Tavas Belediye Ba\u015fkan\u0131 Kadir Tat\u0131k, 1 May\u0131s Emek ve Dayan\u0131\u015fma G\u00fcn\u00fc\u2019nde, \u015fehrin temizli\u011finden ve bak\u0131m\u0131ndan sorumlu olan saha personeliyle \u00f6\u011fle yeme\u011finde bir araya geldi. Kamu hizmetinin aksamamas\u0131 ad\u0131na normal \u015fartlarda resm\u00ee tatillerde de vardiyal\u0131 olarak \u00e7al\u0131\u015fan belediye i\u015f\u00e7ileri, bu y\u0131l Ba\u015fkan Tat\u0131k\u2019\u0131n \u00f6zel hassasiyetiyle bayram\u0131 sahada de\u011fil, kurulan g\u00f6n\u00fcl sofras\u0131nda kutlad\u0131. Belediyecilik hizmetlerinin 7\/24 esas\u0131na&#8230;<\/p>\n","protected":false},"author":1,"featured_media":99897,"comment_status":"open","ping_status":"open","sticky":false,"template":"","format":"standard","meta":{"_crdt_document":"","footnotes":""},"categories":[123],"tags":[],"class_list":["post-99896","post","type-post","status-publish","format-standard","has-post-thumbnail","hentry","category-gundem"],"_links":{"self":[{"href":"https:\/\/www.egemtv.com\/index.php?rest_route=\/wp\/v2\/posts\/99896","targetHints":{"allow":["GET"]}}],"collection":[{"href":"https:\/\/www.egemtv.com\/index.php?rest_route=\/wp\/v2\/posts"}],"about":[{"href":"https:\/\/www.egemtv.com\/index.php?rest_route=\/wp\/v2\/types\/post"}],"author":[{"embeddable":true,"href":"https:\/\/www.egemtv.com\/index.php?rest_route=\/wp\/v2\/users\/1"}],"replies":[{"embeddable":true,"href":"https:\/\/www.egemtv.com\/index.php?rest_route=%2Fwp%2Fv2%2Fcomments&post=99896"}],"version-history":[{"count":1,"href":"https:\/\/www.egemtv.com\/index.php?rest_route=\/wp\/v2\/posts\/99896\/revisions"}],"predecessor-version":[{"id":99898,"href":"https:\/\/www.egemtv.com\/index.php?rest_route=\/wp\/v2\/posts\/99896\/revisions\/99898"}],"wp:featuredmedia":[{"embeddable":true,"href":"https:\/\/www.egemtv.com\/index.php?rest_route=\/wp\/v2\/media\/99897"}],"wp:attachment":[{"href":"https:\/\/www.egemtv.com\/index.php?rest_route=%2Fwp%2Fv2%2Fmedia&parent=99896"}],"wp:term":[{"taxonomy":"category","embeddable":true,"href":"https:\/\/www.egemtv.com\/index.php?rest_route=%2Fwp%2Fv2%2Fcategories&post=99896"},{"taxonomy":"post_tag","embeddable":true,"href":"https:\/\/www.egemtv.com\/index.php?rest_route=%2Fwp%2Fv2%2Ftags&post=99896"}],"curies":[{"name":"wp","href":"https:\/\/api.w.org\/{rel}","templated":true}]}}