{"id":99893,"date":"2026-05-01T19:05:38","date_gmt":"2026-05-01T16:05:38","guid":{"rendered":"https:\/\/www.egemtv.com\/?p=99893"},"modified":"2026-05-01T19:05:39","modified_gmt":"2026-05-01T16:05:39","slug":"ispartada-11-yil-once-kaybolan-adamin-kafatasi-burdurda-bulundu","status":"publish","type":"post","link":"https:\/\/www.egemtv.com\/?p=99893","title":{"rendered":"Isparta\u2019da 11 y\u0131l \u00f6nce kaybolan adam\u0131n kafatas\u0131 Burdur\u2019da bulundu"},"content":{"rendered":"<p>Burdur\u2019da Mart ay\u0131nda bo\u015f arazide bulunan kafatas\u0131n\u0131n 11 y\u0131l \u00f6nce Isparta\u2019da kaybolan Mehmet \u00c7etin\u2019e ait oldu\u011fu, ailesinden al\u0131nan DNA \u00f6rnekleriyle yap\u0131lan e\u015fle\u015ftirme sonucu belirlendi. Olayla ilgili soru\u015fturma kapsam\u0131nda 2 \u015f\u00fcpheli tutukland\u0131.<br \/>\n<br \/>Burdur\u2019da ge\u00e7ti\u011fimiz Mart ay\u0131nda bo\u015f bir arazide vatanda\u015flar taraf\u0131ndan bulunan kafatas\u0131, 11 y\u0131l \u00f6nce Isparta\u2019n\u0131n Senirkent il\u00e7esine ba\u011fl\u0131 B\u00fcy\u00fckkabaca beldesinde kaybolan Mehmet \u00c7etin\u2019e ait \u00e7\u0131kt\u0131. Kafatas\u0131ndan al\u0131nan DNA \u00f6rne\u011fi, ailesinden al\u0131nan \u00f6rneklerle e\u015fle\u015ftirilerek kimlik tespiti yap\u0131ld\u0131. Olay\u0131n ard\u0131ndan ba\u015flat\u0131lan soru\u015fturma kapsam\u0131nda, Isparta Cumhuriyet Ba\u015fsavc\u0131l\u0131\u011f\u0131\u2019n\u0131n talimatlar\u0131 do\u011frultusunda ge\u00e7ti\u011fimiz y\u0131l May\u0131s ay\u0131nda Isparta ve \u0130stanbul ba\u015fta olmak \u00fczere \u00e7e\u015fitli illerde operasyon d\u00fczenlendi. Operasyonlarda Mehmet \u00c7etin\u2019in eski e\u015fi Derya K., arkada\u015f\u0131 Bayram A. ile Bekir B. g\u00f6zalt\u0131na al\u0131nd\u0131. Ayr\u0131ca h\u00fck\u00fcml\u00fc T.G. ve M.K. isimli \u015fah\u0131slar\u0131n da bulunduklar\u0131 cezaevlerinden dosya kapsam\u0131na dahil edildi\u011fi \u00f6\u011frenildi.<\/p>\n<p>Kay\u0131p v\u00fccut i\u00e7in arama \u00e7al\u0131\u015fmalar\u0131 s\u00fcr\u00fcyor<br \/>\n<br \/>\u015e\u00fcphelilerin ikametlerinde yap\u0131lan aramalarda bir adet ruhsats\u0131z tabanca ile cep telefonlar\u0131na el konuldu. Bayram A.\u2019n\u0131n 24 May\u0131s 2025 tarihinde &#8220;kasten adam \u00f6ld\u00fcrme&#8221; su\u00e7lamas\u0131yla \u00e7\u0131kar\u0131ld\u0131\u011f\u0131 n\u00f6bet\u00e7i mahkemece tutuklanarak cezaevine g\u00f6nderildi\u011fi \u00f6\u011frenildi. Olaydan yakla\u015f\u0131k bir hafta sonra adli kontrol \u015fart\u0131yla serbest b\u0131rak\u0131lan Derya K.\u2019n\u0131n da ayn\u0131 su\u00e7lamayla yeniden tutuklanarak cezaevine g\u00f6nderildi\u011fi bildirildi. Bekir B. ise adli kontrol \u015fart\u0131yla serbest b\u0131rak\u0131ld\u0131. Y\u00fcr\u00fct\u00fclen soru\u015fturmada Mehmet \u00c7etin\u2019e ait yaln\u0131zca kafatas\u0131na ula\u015f\u0131ld\u0131\u011f\u0131, v\u00fccudun di\u011fer b\u00f6l\u00fcmlerine hen\u00fcz ula\u015f\u0131lamad\u0131\u011f\u0131 \u00f6\u011frenildi. Dosya kapsam\u0131nda olu\u015fturulan \u00f6zel ekip taraf\u0131ndan tahkikat\u0131n s\u00fcrd\u00fc\u011f\u00fc, olay\u0131n \u00e7ok y\u00f6nl\u00fc olarak ara\u015ft\u0131r\u0131ld\u0131\u011f\u0131 ve kay\u0131p v\u00fccuda ula\u015fmak i\u00e7in arama \u00e7al\u0131\u015fmalar\u0131n\u0131n devam etti\u011fi bildirildi.<br \/><\/p>\n","protected":false},"excerpt":{"rendered":"<p>Burdur\u2019da Mart ay\u0131nda bo\u015f arazide bulunan kafatas\u0131n\u0131n 11 y\u0131l \u00f6nce Isparta\u2019da kaybolan Mehmet \u00c7etin\u2019e ait oldu\u011fu, ailesinden al\u0131nan DNA \u00f6rnekleriyle yap\u0131lan e\u015fle\u015ftirme sonucu belirlendi. Olayla ilgili soru\u015fturma kapsam\u0131nda 2 \u015f\u00fcpheli tutukland\u0131. Burdur\u2019da ge\u00e7ti\u011fimiz Mart ay\u0131nda bo\u015f bir arazide vatanda\u015flar taraf\u0131ndan bulunan kafatas\u0131, 11 y\u0131l \u00f6nce Isparta\u2019n\u0131n Senirkent il\u00e7esine ba\u011fl\u0131 B\u00fcy\u00fckkabaca beldesinde kaybolan Mehmet \u00c7etin\u2019e ait&#8230;<\/p>\n","protected":false},"author":1,"featured_media":99894,"comment_status":"open","ping_status":"open","sticky":false,"template":"","format":"standard","meta":{"_crdt_document":"","footnotes":""},"categories":[5],"tags":[],"class_list":["post-99893","post","type-post","status-publish","format-standard","has-post-thumbnail","hentry","category-asayis"],"_links":{"self":[{"href":"https:\/\/www.egemtv.com\/index.php?rest_route=\/wp\/v2\/posts\/99893","targetHints":{"allow":["GET"]}}],"collection":[{"href":"https:\/\/www.egemtv.com\/index.php?rest_route=\/wp\/v2\/posts"}],"about":[{"href":"https:\/\/www.egemtv.com\/index.php?rest_route=\/wp\/v2\/types\/post"}],"author":[{"embeddable":true,"href":"https:\/\/www.egemtv.com\/index.php?rest_route=\/wp\/v2\/users\/1"}],"replies":[{"embeddable":true,"href":"https:\/\/www.egemtv.com\/index.php?rest_route=%2Fwp%2Fv2%2Fcomments&post=99893"}],"version-history":[{"count":1,"href":"https:\/\/www.egemtv.com\/index.php?rest_route=\/wp\/v2\/posts\/99893\/revisions"}],"predecessor-version":[{"id":99895,"href":"https:\/\/www.egemtv.com\/index.php?rest_route=\/wp\/v2\/posts\/99893\/revisions\/99895"}],"wp:featuredmedia":[{"embeddable":true,"href":"https:\/\/www.egemtv.com\/index.php?rest_route=\/wp\/v2\/media\/99894"}],"wp:attachment":[{"href":"https:\/\/www.egemtv.com\/index.php?rest_route=%2Fwp%2Fv2%2Fmedia&parent=99893"}],"wp:term":[{"taxonomy":"category","embeddable":true,"href":"https:\/\/www.egemtv.com\/index.php?rest_route=%2Fwp%2Fv2%2Fcategories&post=99893"},{"taxonomy":"post_tag","embeddable":true,"href":"https:\/\/www.egemtv.com\/index.php?rest_route=%2Fwp%2Fv2%2Ftags&post=99893"}],"curies":[{"name":"wp","href":"https:\/\/api.w.org\/{rel}","templated":true}]}}