{"id":99890,"date":"2026-05-01T19:05:37","date_gmt":"2026-05-01T16:05:37","guid":{"rendered":"https:\/\/www.egemtv.com\/?p=99890"},"modified":"2026-05-01T19:05:38","modified_gmt":"2026-05-01T16:05:38","slug":"cinayet-suphelisi-abi-kardes-tutuklandi","status":"publish","type":"post","link":"https:\/\/www.egemtv.com\/?p=99890","title":{"rendered":"Cinayet \u015f\u00fcphelisi abi-karde\u015f tutukland\u0131"},"content":{"rendered":"<p>Ayd\u0131n\u2019\u0131n Efeler il\u00e7esinde bir ki\u015finin hayat\u0131n\u0131 kaybetti\u011fi silahl\u0131 kavgayla ilgili adliyeye sevk edilen \u015f\u00fcphelilerden abi-karde\u015f tutuklan\u0131rken, bir \u015f\u00fcpheli adli kontrol \u015fart\u0131yla serbest b\u0131rak\u0131ld\u0131.<br \/>\n<br \/>Olay, Mu\u011fla Bulvar\u0131 \u00fczerinde 29 Nisan\u2019da meydana geldi. Edinilen bilgiye g\u00f6re, iki grup aras\u0131nda hen\u00fcz bilinmeyen bir nedenle tart\u0131\u015fma \u00e7\u0131kt\u0131. Tart\u0131\u015fman\u0131n kavgaya d\u00f6n\u00fc\u015fmesi \u00fczerine ya\u015fanan arbedede ate\u015flenen silahtan \u00e7\u0131kan kur\u015funlar\u0131n hedefi olan \u00d6mer \u0130ncekaya (36) olay yerinde hayat\u0131n\u0131 kaybetti. \u0130hbar \u00fczerine b\u00f6lgeye polis ve sa\u011fl\u0131k ekipleri sevk edildi. Hayat\u0131n\u0131 kaybeden \u0130ncekaya\u2019n\u0131n cans\u0131z bedeni hastane morguna kald\u0131r\u0131ld\u0131. Polis, cinayet \u015f\u00fcphelilerin yakalanmas\u0131 i\u00e7in \u00e7al\u0131\u015fma ger\u00e7ekle\u015ftirirken cinayet \u015f\u00fcphelisi O.D. (25), B.D. (23) ve S.E.B. (17) emniyete giderek teslim oldu. Emniyetteki i\u015flemleri tamamlanan 3 \u015f\u00fcpheli adliyeye sevk edildi.<br \/>\n<br \/>Adliyede hakim kar\u015f\u0131s\u0131na \u00e7\u0131kart\u0131lan \u015f\u00fcphelilerden O.D. ve B.D. isimli abi-karde\u015f tutuklanarak cezaevine g\u00f6nderilirken, S.E.B. isimli \u015f\u00fcpheli ise adli kontrol \u015fart\u0131 ile serbest b\u0131rak\u0131ld\u0131.<br \/><\/p>\n","protected":false},"excerpt":{"rendered":"<p>Ayd\u0131n\u2019\u0131n Efeler il\u00e7esinde bir ki\u015finin hayat\u0131n\u0131 kaybetti\u011fi silahl\u0131 kavgayla ilgili adliyeye sevk edilen \u015f\u00fcphelilerden abi-karde\u015f tutuklan\u0131rken, bir \u015f\u00fcpheli adli kontrol \u015fart\u0131yla serbest b\u0131rak\u0131ld\u0131. Olay, Mu\u011fla Bulvar\u0131 \u00fczerinde 29 Nisan\u2019da meydana geldi. Edinilen bilgiye g\u00f6re, iki grup aras\u0131nda hen\u00fcz bilinmeyen bir nedenle tart\u0131\u015fma \u00e7\u0131kt\u0131. Tart\u0131\u015fman\u0131n kavgaya d\u00f6n\u00fc\u015fmesi \u00fczerine ya\u015fanan arbedede ate\u015flenen silahtan \u00e7\u0131kan kur\u015funlar\u0131n hedefi olan&#8230;<\/p>\n","protected":false},"author":1,"featured_media":99891,"comment_status":"open","ping_status":"open","sticky":false,"template":"","format":"standard","meta":{"_crdt_document":"","footnotes":""},"categories":[5],"tags":[],"class_list":["post-99890","post","type-post","status-publish","format-standard","has-post-thumbnail","hentry","category-asayis"],"_links":{"self":[{"href":"https:\/\/www.egemtv.com\/index.php?rest_route=\/wp\/v2\/posts\/99890","targetHints":{"allow":["GET"]}}],"collection":[{"href":"https:\/\/www.egemtv.com\/index.php?rest_route=\/wp\/v2\/posts"}],"about":[{"href":"https:\/\/www.egemtv.com\/index.php?rest_route=\/wp\/v2\/types\/post"}],"author":[{"embeddable":true,"href":"https:\/\/www.egemtv.com\/index.php?rest_route=\/wp\/v2\/users\/1"}],"replies":[{"embeddable":true,"href":"https:\/\/www.egemtv.com\/index.php?rest_route=%2Fwp%2Fv2%2Fcomments&post=99890"}],"version-history":[{"count":1,"href":"https:\/\/www.egemtv.com\/index.php?rest_route=\/wp\/v2\/posts\/99890\/revisions"}],"predecessor-version":[{"id":99892,"href":"https:\/\/www.egemtv.com\/index.php?rest_route=\/wp\/v2\/posts\/99890\/revisions\/99892"}],"wp:featuredmedia":[{"embeddable":true,"href":"https:\/\/www.egemtv.com\/index.php?rest_route=\/wp\/v2\/media\/99891"}],"wp:attachment":[{"href":"https:\/\/www.egemtv.com\/index.php?rest_route=%2Fwp%2Fv2%2Fmedia&parent=99890"}],"wp:term":[{"taxonomy":"category","embeddable":true,"href":"https:\/\/www.egemtv.com\/index.php?rest_route=%2Fwp%2Fv2%2Fcategories&post=99890"},{"taxonomy":"post_tag","embeddable":true,"href":"https:\/\/www.egemtv.com\/index.php?rest_route=%2Fwp%2Fv2%2Ftags&post=99890"}],"curies":[{"name":"wp","href":"https:\/\/api.w.org\/{rel}","templated":true}]}}