{"id":99887,"date":"2026-05-01T18:30:51","date_gmt":"2026-05-01T15:30:51","guid":{"rendered":"https:\/\/www.egemtv.com\/?p=99887"},"modified":"2026-05-01T18:30:52","modified_gmt":"2026-05-01T15:30:52","slug":"usakta-harezmi-senligi-gerceklestirildi","status":"publish","type":"post","link":"https:\/\/www.egemtv.com\/?p=99887","title":{"rendered":"U\u015fak\u2019ta Harezmi \u015eenli\u011fi ger\u00e7ekle\u015ftirildi"},"content":{"rendered":"<p>Milli E\u011fitim Bakanl\u0131\u011f\u0131 Orta\u00f6\u011fretim Genel M\u00fcd\u00fcrl\u00fc\u011f\u00fc taraf\u0131ndan y\u00fcr\u00fct\u00fclen ve U\u015fak \u0130l Milli E\u011fitim M\u00fcd\u00fcrl\u00fc\u011f\u00fcnce AR-GE birimi koordinasyonunda hayata ge\u00e7irilen Harezmi E\u011fitim Modeli kapsam\u0131nda d\u00fczenlenen Harezmi \u015eenli\u011fi, Ulubey Kanyonu Cam Teras alan\u0131nda ger\u00e7ekle\u015ftirildi.<br \/>\n<br \/>Ulubey Mehmet Fuat Terci Ortaokulu taraf\u0131ndan haz\u0131rlanan &#8220;Ulubey K\u00fclt\u00fcr Haritas\u0131&#8221; projesi \u00e7er\u00e7evesinde \u00f6\u011frenciler ya\u015fad\u0131klar\u0131 il\u00e7enin tarihini, dilini, geleneklerini ve y\u00f6resel lezzetlerini ke\u015ffederek ortaya koyduklar\u0131 \u00e7al\u0131\u015fmalar\u0131 sergiledi. Disiplinler aras\u0131 yakla\u015f\u0131mla y\u00fcr\u00fct\u00fclen proje \u00fcr\u00fcnleri, sergi stantlar\u0131, foto\u011fraf sunumlar\u0131 ve k\u00fclt\u00fcrel etkinliklerle ziyaret\u00e7ilerin be\u011fenisine sunuldu.<br \/>\n<br \/>Programa Vali Yard\u0131mc\u0131s\u0131 Bar\u0131\u015f Demirta\u015f, Ulubey Kaymakam\u0131 \u0130brahim Co\u015fkunaslan, Ulubey Belediye Ba\u015fkan\u0131 Veli Ko\u00e7lu, \u0130I Milli E\u011fitim M\u00fcd\u00fcr\u00fc Halil Y\u00fccel, \u0130l K\u00fclt\u00fcr ve Turizm M\u00fcd\u00fcr\u00fc Yavuz \u00c7akar, \u00f6\u011fretmenler ve \u00f6\u011frenciler kat\u0131ld\u0131.<br \/>\n<br \/>\u0130l Milli E\u011fitim M\u00fcd\u00fcr\u00fc Halil Y\u00fccel burada yapm\u0131\u015f oldu\u011fu konu\u015fmas\u0131nda, Harezmi E\u011fitim Modelinin \u00f6\u011frencilerin ya\u015fad\u0131klar\u0131 co\u011frafyay\u0131 sahada ke\u015ffetmelerine \u00f6nemli katk\u0131 sundu\u011funu ifade ederek bu s\u00fcrecin sadece bilgi edinme de\u011fil ya\u015fayarak \u00f6\u011frenme f\u0131rsat\u0131 sa\u011flad\u0131\u011f\u0131n\u0131 vurgulad\u0131. Disiplinler aras\u0131 y\u00fcr\u00fct\u00fclen \u00e7al\u0131\u015fmalar\u0131n \u00e7ocuklar\u0131n \u00e7ok y\u00f6nl\u00fc geli\u015fimine katk\u0131 sa\u011flad\u0131\u011f\u0131n\u0131 belirten Y\u00fccel, Ulubey Kanyonu\u2019nun e\u015fsiz atmosferinde sergilenen eserlerin uzun soluklu bir eme\u011fin \u00fcr\u00fcn\u00fc oldu\u011funu dile getirdi.<br \/>\n<br \/>Program kapsam\u0131nda halk oyunlar\u0131 g\u00f6steri, \u00f6\u011fretmenler taraf\u0131ndan verilen konser ve stantlar ziyaret edildi.<\/p>\n<p>\u00d6te yandan, program toplu foto\u011fraf \u00e7ekiminin ard\u0131ndan sona erdi.<br \/><\/p>\n","protected":false},"excerpt":{"rendered":"<p>Milli E\u011fitim Bakanl\u0131\u011f\u0131 Orta\u00f6\u011fretim Genel M\u00fcd\u00fcrl\u00fc\u011f\u00fc taraf\u0131ndan y\u00fcr\u00fct\u00fclen ve U\u015fak \u0130l Milli E\u011fitim M\u00fcd\u00fcrl\u00fc\u011f\u00fcnce AR-GE birimi koordinasyonunda hayata ge\u00e7irilen Harezmi E\u011fitim Modeli kapsam\u0131nda d\u00fczenlenen Harezmi \u015eenli\u011fi, Ulubey Kanyonu Cam Teras alan\u0131nda ger\u00e7ekle\u015ftirildi. Ulubey Mehmet Fuat Terci Ortaokulu taraf\u0131ndan haz\u0131rlanan &#8220;Ulubey K\u00fclt\u00fcr Haritas\u0131&#8221; projesi \u00e7er\u00e7evesinde \u00f6\u011frenciler ya\u015fad\u0131klar\u0131 il\u00e7enin tarihini, dilini, geleneklerini ve y\u00f6resel lezzetlerini ke\u015ffederek ortaya&#8230;<\/p>\n","protected":false},"author":1,"featured_media":99888,"comment_status":"open","ping_status":"open","sticky":false,"template":"","format":"standard","meta":{"_crdt_document":"","footnotes":""},"categories":[123],"tags":[],"class_list":["post-99887","post","type-post","status-publish","format-standard","has-post-thumbnail","hentry","category-gundem"],"_links":{"self":[{"href":"https:\/\/www.egemtv.com\/index.php?rest_route=\/wp\/v2\/posts\/99887","targetHints":{"allow":["GET"]}}],"collection":[{"href":"https:\/\/www.egemtv.com\/index.php?rest_route=\/wp\/v2\/posts"}],"about":[{"href":"https:\/\/www.egemtv.com\/index.php?rest_route=\/wp\/v2\/types\/post"}],"author":[{"embeddable":true,"href":"https:\/\/www.egemtv.com\/index.php?rest_route=\/wp\/v2\/users\/1"}],"replies":[{"embeddable":true,"href":"https:\/\/www.egemtv.com\/index.php?rest_route=%2Fwp%2Fv2%2Fcomments&post=99887"}],"version-history":[{"count":1,"href":"https:\/\/www.egemtv.com\/index.php?rest_route=\/wp\/v2\/posts\/99887\/revisions"}],"predecessor-version":[{"id":99889,"href":"https:\/\/www.egemtv.com\/index.php?rest_route=\/wp\/v2\/posts\/99887\/revisions\/99889"}],"wp:featuredmedia":[{"embeddable":true,"href":"https:\/\/www.egemtv.com\/index.php?rest_route=\/wp\/v2\/media\/99888"}],"wp:attachment":[{"href":"https:\/\/www.egemtv.com\/index.php?rest_route=%2Fwp%2Fv2%2Fmedia&parent=99887"}],"wp:term":[{"taxonomy":"category","embeddable":true,"href":"https:\/\/www.egemtv.com\/index.php?rest_route=%2Fwp%2Fv2%2Fcategories&post=99887"},{"taxonomy":"post_tag","embeddable":true,"href":"https:\/\/www.egemtv.com\/index.php?rest_route=%2Fwp%2Fv2%2Ftags&post=99887"}],"curies":[{"name":"wp","href":"https:\/\/api.w.org\/{rel}","templated":true}]}}