{"id":99884,"date":"2026-05-01T18:30:50","date_gmt":"2026-05-01T15:30:50","guid":{"rendered":"https:\/\/www.egemtv.com\/?p=99884"},"modified":"2026-05-01T18:30:51","modified_gmt":"2026-05-01T15:30:51","slug":"cameli-belediyesi-personeli-1-mayista-bir-araya-geldi","status":"publish","type":"post","link":"https:\/\/www.egemtv.com\/?p=99884","title":{"rendered":"\u00c7ameli Belediyesi personeli 1 May\u0131s\u2019ta bir araya geldi"},"content":{"rendered":"<p>\u00c7ameli Belediyesi, 1 May\u0131s Emek ve Dayan\u0131\u015fma G\u00fcn\u00fc dolay\u0131s\u0131yla belediye \u00e7al\u0131\u015fanlar\u0131yla Aile \u00c7ay Bah\u00e7esi\u2019nde bulu\u015ftu. \u00c7ameli Belediye Ba\u015fkan\u0131 Cengiz Arslan, personelin bayram\u0131n\u0131 kutlayarak emeklerinden dolay\u0131 te\u015fekk\u00fcr etti.<\/p>\n<p>\u00c7ameli Belediyesi, 1 May\u0131s Emek ve Dayan\u0131\u015fma G\u00fcn\u00fc kapsam\u0131nda belediye personeliyle Aile \u00c7ay Bah\u00e7esi\u2019nde d\u00fczenlenen programda bir araya geldi. Samimi atmosferde ger\u00e7ekle\u015fen bulu\u015fmada birlik, beraberlik ve dayan\u0131\u015fma mesajlar\u0131 verildi.<\/p>\n<p>Belediyeden yap\u0131lan a\u00e7\u0131klamada, sosyal belediyecilik anlay\u0131\u015f\u0131yla il\u00e7eyi daha ya\u015fanabilir hale getirmek i\u00e7in t\u00fcm personelin ortak emek verdi\u011fi vurguland\u0131. Belediye hizmetlerinin ekip ruhuyla s\u00fcrd\u00fcr\u00fcld\u00fc\u011f\u00fc belirtilirken, \u00e7al\u0131\u015fanlar\u0131n \u00f6zverili katk\u0131lar\u0131n\u0131n \u00f6nemine dikkat \u00e7ekildi.<\/p>\n<p>Programa kat\u0131lan \u00c7ameli Belediye Ba\u015fkan\u0131 Cengiz Arslan, t\u00fcm \u00e7al\u0131\u015fma arkada\u015flar\u0131n\u0131n 1 May\u0131s Emek ve Dayan\u0131\u015fma G\u00fcn\u00fc\u2019n\u00fc kutlad\u0131. Ba\u015fkan Arslan, belediye personeline emekleri ve fedak\u00e2r \u00e7al\u0131\u015fmalar\u0131 nedeniyle te\u015fekk\u00fcr ederek, kurumsal belediyecilik anlay\u0131\u015f\u0131yla y\u00fcr\u00fct\u00fclen hizmetleri birlikte ba\u015farman\u0131n gururunu ya\u015fad\u0131klar\u0131n\u0131 ifade etti.<br \/><\/p>\n","protected":false},"excerpt":{"rendered":"<p>\u00c7ameli Belediyesi, 1 May\u0131s Emek ve Dayan\u0131\u015fma G\u00fcn\u00fc dolay\u0131s\u0131yla belediye \u00e7al\u0131\u015fanlar\u0131yla Aile \u00c7ay Bah\u00e7esi\u2019nde bulu\u015ftu. \u00c7ameli Belediye Ba\u015fkan\u0131 Cengiz Arslan, personelin bayram\u0131n\u0131 kutlayarak emeklerinden dolay\u0131 te\u015fekk\u00fcr etti. \u00c7ameli Belediyesi, 1 May\u0131s Emek ve Dayan\u0131\u015fma G\u00fcn\u00fc kapsam\u0131nda belediye personeliyle Aile \u00c7ay Bah\u00e7esi\u2019nde d\u00fczenlenen programda bir araya geldi. Samimi atmosferde ger\u00e7ekle\u015fen bulu\u015fmada birlik, beraberlik ve dayan\u0131\u015fma mesajlar\u0131&#8230;<\/p>\n","protected":false},"author":1,"featured_media":99885,"comment_status":"open","ping_status":"open","sticky":false,"template":"","format":"standard","meta":{"_crdt_document":"","footnotes":""},"categories":[1],"tags":[],"class_list":["post-99884","post","type-post","status-publish","format-standard","has-post-thumbnail","hentry","category-guncel"],"_links":{"self":[{"href":"https:\/\/www.egemtv.com\/index.php?rest_route=\/wp\/v2\/posts\/99884","targetHints":{"allow":["GET"]}}],"collection":[{"href":"https:\/\/www.egemtv.com\/index.php?rest_route=\/wp\/v2\/posts"}],"about":[{"href":"https:\/\/www.egemtv.com\/index.php?rest_route=\/wp\/v2\/types\/post"}],"author":[{"embeddable":true,"href":"https:\/\/www.egemtv.com\/index.php?rest_route=\/wp\/v2\/users\/1"}],"replies":[{"embeddable":true,"href":"https:\/\/www.egemtv.com\/index.php?rest_route=%2Fwp%2Fv2%2Fcomments&post=99884"}],"version-history":[{"count":1,"href":"https:\/\/www.egemtv.com\/index.php?rest_route=\/wp\/v2\/posts\/99884\/revisions"}],"predecessor-version":[{"id":99886,"href":"https:\/\/www.egemtv.com\/index.php?rest_route=\/wp\/v2\/posts\/99884\/revisions\/99886"}],"wp:featuredmedia":[{"embeddable":true,"href":"https:\/\/www.egemtv.com\/index.php?rest_route=\/wp\/v2\/media\/99885"}],"wp:attachment":[{"href":"https:\/\/www.egemtv.com\/index.php?rest_route=%2Fwp%2Fv2%2Fmedia&parent=99884"}],"wp:term":[{"taxonomy":"category","embeddable":true,"href":"https:\/\/www.egemtv.com\/index.php?rest_route=%2Fwp%2Fv2%2Fcategories&post=99884"},{"taxonomy":"post_tag","embeddable":true,"href":"https:\/\/www.egemtv.com\/index.php?rest_route=%2Fwp%2Fv2%2Ftags&post=99884"}],"curies":[{"name":"wp","href":"https:\/\/api.w.org\/{rel}","templated":true}]}}