{"id":99881,"date":"2026-05-01T18:30:50","date_gmt":"2026-05-01T15:30:50","guid":{"rendered":"https:\/\/www.egemtv.com\/?p=99881"},"modified":"2026-05-01T18:30:50","modified_gmt":"2026-05-01T15:30:50","slug":"sokakta-uyuyan-yasli-adamin-yuzune-tekme-atip-paylasan-2-supheli-gozaltinda","status":"publish","type":"post","link":"https:\/\/www.egemtv.com\/?p=99881","title":{"rendered":"Sokakta uyuyan ya\u015fl\u0131 adam\u0131n y\u00fcz\u00fcne tekme at\u0131p payla\u015fan 2 \u015f\u00fcpheli g\u00f6zalt\u0131nda"},"content":{"rendered":"<p>\u0130zmir\u2019in Buca il\u00e7esinde sokakta uyuyan ya\u015fl\u0131 bir adam\u0131 uyand\u0131rarak dalga ge\u00e7en ve y\u00fcz\u00fcne tekme att\u0131klar\u0131 anlar\u0131 cep telefonuyla kaydeden 2 \u015f\u00fcpheli, polis ekipleri taraf\u0131ndan yakaland\u0131.<br \/>\n<br \/>Olay, Buca il\u00e7esinde meydana geldi. Edinilen bilgiye g\u00f6re, sokakta yatan ya\u015fl\u0131 adam\u0131n yan\u0131na 2 ki\u015fi yakla\u015ft\u0131. \u015e\u00fcphelilerden biri cep telefonu kameras\u0131n\u0131 a\u00e7arak kayda girerken, kameray\u0131 tutan ki\u015finin &#8220;tekme at&#8221; \u015feklindeki y\u00f6nlendirmesiyle hareket eden di\u011fer zanl\u0131, ya\u015fl\u0131 adam\u0131n y\u00fcz\u00fcne tekme att\u0131. Ya\u015fl\u0131 adam sald\u0131rganlara tepki g\u00f6sterirken, \u015f\u00fcpheliler olay yerinden uzakla\u015ft\u0131. G\u00f6r\u00fcnt\u00fclerin sosyal medyada payla\u015f\u0131lmas\u0131n\u0131n ard\u0131ndan harekete ge\u00e7en polis ekipleri, \u015f\u00fcphelilerin kimliklerini tespit etti. Ya\u015fl\u0131 adam\u0131 uykusundan uyand\u0131r\u0131p y\u00fcz\u00fcne tekme atan \u015f\u00fcphelilerin F.E. ve \u00c7.Y. oldu\u011fu belirlendi. G\u00f6zalt\u0131na al\u0131nan F.E. ile \u00c7.Y.\u2019nin emniyetteki i\u015flemleri s\u00fcr\u00fcyor.<br \/><\/p>\n","protected":false},"excerpt":{"rendered":"<p>\u0130zmir\u2019in Buca il\u00e7esinde sokakta uyuyan ya\u015fl\u0131 bir adam\u0131 uyand\u0131rarak dalga ge\u00e7en ve y\u00fcz\u00fcne tekme att\u0131klar\u0131 anlar\u0131 cep telefonuyla kaydeden 2 \u015f\u00fcpheli, polis ekipleri taraf\u0131ndan yakaland\u0131. Olay, Buca il\u00e7esinde meydana geldi. Edinilen bilgiye g\u00f6re, sokakta yatan ya\u015fl\u0131 adam\u0131n yan\u0131na 2 ki\u015fi yakla\u015ft\u0131. \u015e\u00fcphelilerden biri cep telefonu kameras\u0131n\u0131 a\u00e7arak kayda girerken, kameray\u0131 tutan ki\u015finin &#8220;tekme at&#8221; \u015feklindeki&#8230;<\/p>\n","protected":false},"author":1,"featured_media":99882,"comment_status":"open","ping_status":"open","sticky":false,"template":"","format":"standard","meta":{"_crdt_document":"","footnotes":""},"categories":[5],"tags":[],"class_list":["post-99881","post","type-post","status-publish","format-standard","has-post-thumbnail","hentry","category-asayis"],"_links":{"self":[{"href":"https:\/\/www.egemtv.com\/index.php?rest_route=\/wp\/v2\/posts\/99881","targetHints":{"allow":["GET"]}}],"collection":[{"href":"https:\/\/www.egemtv.com\/index.php?rest_route=\/wp\/v2\/posts"}],"about":[{"href":"https:\/\/www.egemtv.com\/index.php?rest_route=\/wp\/v2\/types\/post"}],"author":[{"embeddable":true,"href":"https:\/\/www.egemtv.com\/index.php?rest_route=\/wp\/v2\/users\/1"}],"replies":[{"embeddable":true,"href":"https:\/\/www.egemtv.com\/index.php?rest_route=%2Fwp%2Fv2%2Fcomments&post=99881"}],"version-history":[{"count":1,"href":"https:\/\/www.egemtv.com\/index.php?rest_route=\/wp\/v2\/posts\/99881\/revisions"}],"predecessor-version":[{"id":99883,"href":"https:\/\/www.egemtv.com\/index.php?rest_route=\/wp\/v2\/posts\/99881\/revisions\/99883"}],"wp:featuredmedia":[{"embeddable":true,"href":"https:\/\/www.egemtv.com\/index.php?rest_route=\/wp\/v2\/media\/99882"}],"wp:attachment":[{"href":"https:\/\/www.egemtv.com\/index.php?rest_route=%2Fwp%2Fv2%2Fmedia&parent=99881"}],"wp:term":[{"taxonomy":"category","embeddable":true,"href":"https:\/\/www.egemtv.com\/index.php?rest_route=%2Fwp%2Fv2%2Fcategories&post=99881"},{"taxonomy":"post_tag","embeddable":true,"href":"https:\/\/www.egemtv.com\/index.php?rest_route=%2Fwp%2Fv2%2Ftags&post=99881"}],"curies":[{"name":"wp","href":"https:\/\/api.w.org\/{rel}","templated":true}]}}