{"id":99878,"date":"2026-05-01T18:30:49","date_gmt":"2026-05-01T15:30:49","guid":{"rendered":"https:\/\/www.egemtv.com\/?p=99878"},"modified":"2026-05-01T18:30:50","modified_gmt":"2026-05-01T15:30:50","slug":"koycegiz-kaunosta-kultur-ve-degerler-soleni-yapildi","status":"publish","type":"post","link":"https:\/\/www.egemtv.com\/?p=99878","title":{"rendered":"K\u00f6yce\u011fiz Kaunos\u2019ta \u2018K\u00fclt\u00fcr ve De\u011ferler \u015e\u00f6leni\u2019 yap\u0131ld\u0131"},"content":{"rendered":"<p>Mu\u011fla\u2019n\u0131n K\u00f6yce\u011fiz il\u00e7esinde bulunan Kaunos Antik Kentinde \u2018K\u00fclt\u00fcr ve De\u011ferler \u015e\u00f6leni\u2019 d\u00fczenlendi.<\/p>\n<p>Mu\u011fla Valisi \u0130dris Akb\u0131y\u0131k\u2019\u0131n himayelerinde ba\u015flat\u0131lan Gen\u00e7lik Y\u0131l\u0131 kapsam\u0131nda Mu\u011fla \u0130l Milli E\u011fitim M\u00fcd\u00fcrl\u00fc\u011f\u00fc taraf\u0131ndan y\u00fcr\u00fct\u00fclen Gelece\u011fe \u0130z Projesi etkinlikleri \u00e7er\u00e7evesinde K\u00f6yce\u011fiz \u0130l\u00e7e Milli E\u011fitim M\u00fcd\u00fcrl\u00fc\u011f\u00fc taraf\u0131ndan d\u00fczenlenen &#8220;K\u00fclt\u00fcr ve De\u011ferler \u015e\u00f6leni&#8221; Kaunos Antik Kenti ve \u00d6ren Yeri\u2019nde ger\u00e7ekle\u015ftirildi. \u015e\u00f6len program\u0131 K\u00f6yce\u011fiz \u0130l\u00e7e Milli E\u011fitim M\u00fcd\u00fcr\u00fc Taner \u015een\u2019in a\u00e7\u0131l\u0131\u015f konu\u015fmas\u0131 ile ba\u015flad\u0131. Do\u00e7. Dr. Ufuk \u00c7\u00f6rt\u00fck \u2018Kaunos Antik Kenti\u2019nin Tarih\u00e7esi\u2019 ile ilgili bilgilendirmede bulundu. El sanatlar\u0131 ve resim standlar\u0131 ziyaret edildi. Sergiler tan\u0131t\u0131ld\u0131. Kukla g\u00f6sterisi ve Antik tiyatro etkinlikleri sunuldu. Akustik m\u00fczik konseri ger\u00e7ekle\u015ftirildi. Y\u00f6resel yemek tan\u0131t\u0131mlar\u0131 yap\u0131ld\u0131. \u0130kramlar\u0131n ard\u0131ndan \u015f\u00f6len sona erdi. Karya uygarl\u0131\u011f\u0131n\u0131n izlerini ta\u015f\u0131yan Kaunos Antik Kenti\u2019nde ger\u00e7ekle\u015ftirilen etkinliklerde \u00f6\u011frenciler, ge\u00e7mi\u015fin izlerini yerinde ke\u015ffetti.<br \/><\/p>\n","protected":false},"excerpt":{"rendered":"<p>Mu\u011fla\u2019n\u0131n K\u00f6yce\u011fiz il\u00e7esinde bulunan Kaunos Antik Kentinde \u2018K\u00fclt\u00fcr ve De\u011ferler \u015e\u00f6leni\u2019 d\u00fczenlendi. Mu\u011fla Valisi \u0130dris Akb\u0131y\u0131k\u2019\u0131n himayelerinde ba\u015flat\u0131lan Gen\u00e7lik Y\u0131l\u0131 kapsam\u0131nda Mu\u011fla \u0130l Milli E\u011fitim M\u00fcd\u00fcrl\u00fc\u011f\u00fc taraf\u0131ndan y\u00fcr\u00fct\u00fclen Gelece\u011fe \u0130z Projesi etkinlikleri \u00e7er\u00e7evesinde K\u00f6yce\u011fiz \u0130l\u00e7e Milli E\u011fitim M\u00fcd\u00fcrl\u00fc\u011f\u00fc taraf\u0131ndan d\u00fczenlenen &#8220;K\u00fclt\u00fcr ve De\u011ferler \u015e\u00f6leni&#8221; Kaunos Antik Kenti ve \u00d6ren Yeri\u2019nde ger\u00e7ekle\u015ftirildi. \u015e\u00f6len program\u0131 K\u00f6yce\u011fiz \u0130l\u00e7e&#8230;<\/p>\n","protected":false},"author":1,"featured_media":99879,"comment_status":"open","ping_status":"open","sticky":false,"template":"","format":"standard","meta":{"_crdt_document":"","footnotes":""},"categories":[1],"tags":[],"class_list":["post-99878","post","type-post","status-publish","format-standard","has-post-thumbnail","hentry","category-guncel"],"_links":{"self":[{"href":"https:\/\/www.egemtv.com\/index.php?rest_route=\/wp\/v2\/posts\/99878","targetHints":{"allow":["GET"]}}],"collection":[{"href":"https:\/\/www.egemtv.com\/index.php?rest_route=\/wp\/v2\/posts"}],"about":[{"href":"https:\/\/www.egemtv.com\/index.php?rest_route=\/wp\/v2\/types\/post"}],"author":[{"embeddable":true,"href":"https:\/\/www.egemtv.com\/index.php?rest_route=\/wp\/v2\/users\/1"}],"replies":[{"embeddable":true,"href":"https:\/\/www.egemtv.com\/index.php?rest_route=%2Fwp%2Fv2%2Fcomments&post=99878"}],"version-history":[{"count":1,"href":"https:\/\/www.egemtv.com\/index.php?rest_route=\/wp\/v2\/posts\/99878\/revisions"}],"predecessor-version":[{"id":99880,"href":"https:\/\/www.egemtv.com\/index.php?rest_route=\/wp\/v2\/posts\/99878\/revisions\/99880"}],"wp:featuredmedia":[{"embeddable":true,"href":"https:\/\/www.egemtv.com\/index.php?rest_route=\/wp\/v2\/media\/99879"}],"wp:attachment":[{"href":"https:\/\/www.egemtv.com\/index.php?rest_route=%2Fwp%2Fv2%2Fmedia&parent=99878"}],"wp:term":[{"taxonomy":"category","embeddable":true,"href":"https:\/\/www.egemtv.com\/index.php?rest_route=%2Fwp%2Fv2%2Fcategories&post=99878"},{"taxonomy":"post_tag","embeddable":true,"href":"https:\/\/www.egemtv.com\/index.php?rest_route=%2Fwp%2Fv2%2Ftags&post=99878"}],"curies":[{"name":"wp","href":"https:\/\/api.w.org\/{rel}","templated":true}]}}