{"id":99872,"date":"2026-05-01T17:55:45","date_gmt":"2026-05-01T14:55:45","guid":{"rendered":"https:\/\/www.egemtv.com\/?p=99872"},"modified":"2026-05-01T17:55:46","modified_gmt":"2026-05-01T14:55:46","slug":"marmaris-latin-feste-ozel-fotograf-sergisi","status":"publish","type":"post","link":"https:\/\/www.egemtv.com\/?p=99872","title":{"rendered":"Marmaris Latin Fest\u2019e \u00f6zel foto\u011fraf sergisi"},"content":{"rendered":"<p>Marmaris Latin Fest kapsam\u0131nda, Latin Amerika\u2019n\u0131n d\u00f6rt \u00fclkesinden sanat\u00e7\u0131lar\u0131n eserlerinin yer ald\u0131\u011f\u0131 foto\u011fraf sergisi, 7-10 May\u0131s tarihleri aras\u0131nda K\u00fclt\u00fcr ve Sanat Evi\u2019nde ziyaret\u00e7ilerini a\u011f\u0131rlayacak.<\/p>\n<p>Marmaris Latin Fest kapsam\u0131nda, Latin Amerika\u2019n\u0131n d\u00f6rt \u00f6nemli \u00fclkesinden foto\u011fraf sanat\u00e7\u0131lar\u0131n\u0131n eserlerinin yer ald\u0131\u011f\u0131 \u00f6zel bir sergi sanatseverlerle bulu\u015fuyor. Guatemala, Meksika, \u015eili ve Venezuela\u2019dan foto\u011fraf sanat\u00e7\u0131lar\u0131n\u0131n kat\u0131l\u0131m\u0131yla haz\u0131rlanan sergi, festivalle birlikte 7 May\u0131s\u2019ta kap\u0131lar\u0131n\u0131 a\u00e7acak ve 10 May\u0131s\u2019a kadar ziyaret edilebilecek. Etkinlik, K\u00fclt\u00fcr ve Sanat Evi\u2019nde ger\u00e7ekle\u015ftirilecek.<\/p>\n<p>Festival program\u0131n\u0131n \u00f6nemli duraklar\u0131ndan biri olan sergi, farkl\u0131 co\u011frafyalardan gelen sanat\u00e7\u0131lar\u0131n g\u00f6z\u00fcnden Latin Amerika\u2019n\u0131n k\u00fclt\u00fcrel dokusunu, g\u00fcndelik ya\u015fam\u0131n\u0131 ve toplumsal hik\u00e2yelerini sanatseverlere yans\u0131tacak.<\/p>\n<p>Latin Fest; m\u00fczik, dans, gastronomi ve sanat etkinlikleriyle uluslararas\u0131 bir k\u00fclt\u00fcr bulu\u015fmas\u0131na sahne olurken, sergi de k\u00fclt\u00fcrel i\u015f birli\u011fini geli\u015ftirmeyi ve farkl\u0131 \u00fclkeler aras\u0131nda kar\u015f\u0131l\u0131kl\u0131 k\u00fclt\u00fcr tan\u0131t\u0131m\u0131na katk\u0131 sunmay\u0131 hedefleyerek bu \u00e7ok y\u00f6nl\u00fc program\u0131n sanatsal aya\u011f\u0131n\u0131 g\u00fc\u00e7lendirecek.<br \/><\/p>\n","protected":false},"excerpt":{"rendered":"<p>Marmaris Latin Fest kapsam\u0131nda, Latin Amerika\u2019n\u0131n d\u00f6rt \u00fclkesinden sanat\u00e7\u0131lar\u0131n eserlerinin yer ald\u0131\u011f\u0131 foto\u011fraf sergisi, 7-10 May\u0131s tarihleri aras\u0131nda K\u00fclt\u00fcr ve Sanat Evi\u2019nde ziyaret\u00e7ilerini a\u011f\u0131rlayacak. Marmaris Latin Fest kapsam\u0131nda, Latin Amerika\u2019n\u0131n d\u00f6rt \u00f6nemli \u00fclkesinden foto\u011fraf sanat\u00e7\u0131lar\u0131n\u0131n eserlerinin yer ald\u0131\u011f\u0131 \u00f6zel bir sergi sanatseverlerle bulu\u015fuyor. Guatemala, Meksika, \u015eili ve Venezuela\u2019dan foto\u011fraf sanat\u00e7\u0131lar\u0131n\u0131n kat\u0131l\u0131m\u0131yla haz\u0131rlanan sergi, festivalle birlikte&#8230;<\/p>\n","protected":false},"author":1,"featured_media":99873,"comment_status":"open","ping_status":"open","sticky":false,"template":"","format":"standard","meta":{"_crdt_document":"","footnotes":""},"categories":[1],"tags":[],"class_list":["post-99872","post","type-post","status-publish","format-standard","has-post-thumbnail","hentry","category-guncel"],"_links":{"self":[{"href":"https:\/\/www.egemtv.com\/index.php?rest_route=\/wp\/v2\/posts\/99872","targetHints":{"allow":["GET"]}}],"collection":[{"href":"https:\/\/www.egemtv.com\/index.php?rest_route=\/wp\/v2\/posts"}],"about":[{"href":"https:\/\/www.egemtv.com\/index.php?rest_route=\/wp\/v2\/types\/post"}],"author":[{"embeddable":true,"href":"https:\/\/www.egemtv.com\/index.php?rest_route=\/wp\/v2\/users\/1"}],"replies":[{"embeddable":true,"href":"https:\/\/www.egemtv.com\/index.php?rest_route=%2Fwp%2Fv2%2Fcomments&post=99872"}],"version-history":[{"count":1,"href":"https:\/\/www.egemtv.com\/index.php?rest_route=\/wp\/v2\/posts\/99872\/revisions"}],"predecessor-version":[{"id":99874,"href":"https:\/\/www.egemtv.com\/index.php?rest_route=\/wp\/v2\/posts\/99872\/revisions\/99874"}],"wp:featuredmedia":[{"embeddable":true,"href":"https:\/\/www.egemtv.com\/index.php?rest_route=\/wp\/v2\/media\/99873"}],"wp:attachment":[{"href":"https:\/\/www.egemtv.com\/index.php?rest_route=%2Fwp%2Fv2%2Fmedia&parent=99872"}],"wp:term":[{"taxonomy":"category","embeddable":true,"href":"https:\/\/www.egemtv.com\/index.php?rest_route=%2Fwp%2Fv2%2Fcategories&post=99872"},{"taxonomy":"post_tag","embeddable":true,"href":"https:\/\/www.egemtv.com\/index.php?rest_route=%2Fwp%2Fv2%2Ftags&post=99872"}],"curies":[{"name":"wp","href":"https:\/\/api.w.org\/{rel}","templated":true}]}}