{"id":9987,"date":"2025-01-17T14:26:00","date_gmt":"2025-01-17T11:26:00","guid":{"rendered":"https:\/\/www.egemtv.com\/?p=9987"},"modified":"2025-01-17T14:26:02","modified_gmt":"2025-01-17T11:26:02","slug":"izmirde-738-bin-886-ogrenci-karnesini-aldi","status":"publish","type":"post","link":"https:\/\/www.egemtv.com\/?p=9987","title":{"rendered":"\u0130zmir\u2019de 738 bin 886 \u00f6\u011frenci karnesini ald\u0131"},"content":{"rendered":"<p>\u0130zmir\u2019de 738 bin 886 \u00f6\u011frenci karnesini alarak yar\u0131y\u0131l tatiline \u00e7\u0131kt\u0131. \u0130zmir Valisi S\u00fcleyman Elban ve \u0130zmir \u0130l Milli E\u011fitim M\u00fcd\u00fcr\u00fc \u00d6mer Yah\u015fi d\u00fczenlenen t\u00f6rene kat\u0131l\u0131p, \u00f6\u011frencilere karnelerini da\u011f\u0131tt\u0131.<br \/>\n<br \/>2024-2025 e\u011fitim \u00f6\u011fretim y\u0131l\u0131n\u0131n ilk d\u00f6neminin sonlanmas\u0131yla birlikte, t\u00fcm yurtta oldu\u011fu gibi \u0130zmir\u2019de de \u00f6\u011frenciler karne heyecan\u0131 ya\u015fad\u0131. \u0130zmir\u2019de 738 bin 886 \u00f6\u011frenci karnesini alarak yar\u0131y\u0131l tatiline \u00e7\u0131kt\u0131. Karne g\u00fcn\u00fc i\u00e7in \u0130zmir\u2019de \u015eehit Polis Ahmet Atilla G\u00fcne\u015f \u0130lkokulu\u2019nda \u0130l Milli E\u011fitim M\u00fcd\u00fcrl\u00fc\u011f\u00fc taraf\u0131ndan t\u00f6ren d\u00fczenlendi. T\u00f6rene, \u0130zmir Valisi S\u00fcleyman Elban, \u0130zmir \u0130l Milli E\u011fitim M\u00fcd\u00fcr\u00fc \u00d6mer Yah\u015fi ve Gaziemir Kaymakam\u0131 Kudret Kurnaz kat\u0131ld\u0131.<br \/>\n<br \/>\u0130zmir Valisi S\u00fcleyman Elban, \u0130l Milli E\u011fitim M\u00fcd\u00fcr\u00fc \u00d6mer Yah\u015fi ve Gaziemir Kaymakam\u0131 Kudret Kurnaz ile birlikte, tatil heyecan\u0131 ya\u015fayan \u00f6\u011frencilere karnelerini ve karne hediyelerini verdi. T\u00f6renin ard\u0131ndan Vali Elban, \u00f6\u011fretmenlerle bir araya geldi.<br \/><\/p>\n","protected":false},"excerpt":{"rendered":"<p>\u0130zmir\u2019de 738 bin 886 \u00f6\u011frenci karnesini alarak yar\u0131y\u0131l tatiline \u00e7\u0131kt\u0131. \u0130zmir Valisi S\u00fcleyman Elban ve \u0130zmir \u0130l Milli E\u011fitim M\u00fcd\u00fcr\u00fc \u00d6mer Yah\u015fi d\u00fczenlenen t\u00f6rene kat\u0131l\u0131p, \u00f6\u011frencilere karnelerini da\u011f\u0131tt\u0131. 2024-2025 e\u011fitim \u00f6\u011fretim y\u0131l\u0131n\u0131n ilk d\u00f6neminin sonlanmas\u0131yla birlikte, t\u00fcm yurtta oldu\u011fu gibi \u0130zmir\u2019de de \u00f6\u011frenciler karne heyecan\u0131 ya\u015fad\u0131. \u0130zmir\u2019de 738 bin 886 \u00f6\u011frenci karnesini alarak yar\u0131y\u0131l tatiline&#8230;<\/p>\n","protected":false},"author":1,"featured_media":9988,"comment_status":"open","ping_status":"open","sticky":false,"template":"","format":"standard","meta":{"_crdt_document":"","footnotes":""},"categories":[1],"tags":[],"class_list":["post-9987","post","type-post","status-publish","format-standard","has-post-thumbnail","hentry","category-guncel"],"_links":{"self":[{"href":"https:\/\/www.egemtv.com\/index.php?rest_route=\/wp\/v2\/posts\/9987","targetHints":{"allow":["GET"]}}],"collection":[{"href":"https:\/\/www.egemtv.com\/index.php?rest_route=\/wp\/v2\/posts"}],"about":[{"href":"https:\/\/www.egemtv.com\/index.php?rest_route=\/wp\/v2\/types\/post"}],"author":[{"embeddable":true,"href":"https:\/\/www.egemtv.com\/index.php?rest_route=\/wp\/v2\/users\/1"}],"replies":[{"embeddable":true,"href":"https:\/\/www.egemtv.com\/index.php?rest_route=%2Fwp%2Fv2%2Fcomments&post=9987"}],"version-history":[{"count":1,"href":"https:\/\/www.egemtv.com\/index.php?rest_route=\/wp\/v2\/posts\/9987\/revisions"}],"predecessor-version":[{"id":9989,"href":"https:\/\/www.egemtv.com\/index.php?rest_route=\/wp\/v2\/posts\/9987\/revisions\/9989"}],"wp:featuredmedia":[{"embeddable":true,"href":"https:\/\/www.egemtv.com\/index.php?rest_route=\/wp\/v2\/media\/9988"}],"wp:attachment":[{"href":"https:\/\/www.egemtv.com\/index.php?rest_route=%2Fwp%2Fv2%2Fmedia&parent=9987"}],"wp:term":[{"taxonomy":"category","embeddable":true,"href":"https:\/\/www.egemtv.com\/index.php?rest_route=%2Fwp%2Fv2%2Fcategories&post=9987"},{"taxonomy":"post_tag","embeddable":true,"href":"https:\/\/www.egemtv.com\/index.php?rest_route=%2Fwp%2Fv2%2Ftags&post=9987"}],"curies":[{"name":"wp","href":"https:\/\/api.w.org\/{rel}","templated":true}]}}