{"id":99869,"date":"2026-05-01T17:55:43","date_gmt":"2026-05-01T14:55:43","guid":{"rendered":"https:\/\/www.egemtv.com\/?p=99869"},"modified":"2026-05-01T17:55:45","modified_gmt":"2026-05-01T14:55:45","slug":"aydinda-isciler-icin-yuruduler","status":"publish","type":"post","link":"https:\/\/www.egemtv.com\/?p=99869","title":{"rendered":"Ayd\u0131n\u2019da \u2019i\u015f\u00e7iler\u2019 i\u00e7in y\u00fcr\u00fcd\u00fcler"},"content":{"rendered":"<p>\u00dclke genelinde oldu\u011fu gibi Ayd\u0131n\u2019da da 1 May\u0131s Emek ve Dayan\u0131\u015fma G\u00fcn\u00fc\u2019nde bir araya gelen vatanda\u015flar, \u2019i\u015f\u00e7iler\u2019 i\u00e7in y\u00fcr\u00fcd\u00fc.<\/p>\n<p>1 May\u0131s Emek ve Dayan\u0131\u015fma G\u00fcn\u00fc, Ayd\u0131n\u2019da da g\u00fcn boyunca kutland\u0131. \u00c7e\u015fitli sendika, dernek, siyasi parti temsilcilerinin yan\u0131 s\u0131ra vatanda\u015flar da kutlamalara kat\u0131ld\u0131. Merkez Efeler il\u00e7esi Ta\u015fk\u00f6pr\u00fc mevkiinden bir araya gelen i\u015f\u00e7i sendikalar\u0131, Sivil Toplum Kurulu\u015flar\u0131\u2019n\u0131n temsilcileri, oda ve derneklerin temsilcileri, siyasi partilerin temsilcileri ile binlerce i\u015f\u00e7i, ellerinde T\u00fcrk Bayraklar\u0131 ve sloganlarla Do\u011fu Gazi Bulvar\u0131\u2019ndan Atat\u00fcrk Kent Meydan\u0131\u2019na y\u00fcr\u00fcd\u00fc. Kortej e\u015fli\u011finde ger\u00e7ekle\u015ftirilen y\u00fcr\u00fcy\u00fc\u015f\u00fcn ard\u0131ndan kutlamalar Atat\u00fcrk Kent Meydan\u0131\u2019nda devam etti. Yo\u011fun kat\u0131l\u0131m\u0131n oldu\u011fu kutlamalarda zeybek g\u00f6sterisi ger\u00e7ekle\u015ftirildi. Emek ve al\u0131n teri vurgusunun yap\u0131ld\u0131\u011f\u0131 kutlamalar\u0131n tamamlanmas\u0131n\u0131n ard\u0131ndan vatanda\u015flar olays\u0131z bir \u015fekilde da\u011f\u0131ld\u0131.<br \/><\/p>\n","protected":false},"excerpt":{"rendered":"<p>\u00dclke genelinde oldu\u011fu gibi Ayd\u0131n\u2019da da 1 May\u0131s Emek ve Dayan\u0131\u015fma G\u00fcn\u00fc\u2019nde bir araya gelen vatanda\u015flar, \u2019i\u015f\u00e7iler\u2019 i\u00e7in y\u00fcr\u00fcd\u00fc. 1 May\u0131s Emek ve Dayan\u0131\u015fma G\u00fcn\u00fc, Ayd\u0131n\u2019da da g\u00fcn boyunca kutland\u0131. \u00c7e\u015fitli sendika, dernek, siyasi parti temsilcilerinin yan\u0131 s\u0131ra vatanda\u015flar da kutlamalara kat\u0131ld\u0131. Merkez Efeler il\u00e7esi Ta\u015fk\u00f6pr\u00fc mevkiinden bir araya gelen i\u015f\u00e7i sendikalar\u0131, Sivil Toplum Kurulu\u015flar\u0131\u2019n\u0131n&#8230;<\/p>\n","protected":false},"author":1,"featured_media":99870,"comment_status":"open","ping_status":"open","sticky":false,"template":"","format":"standard","meta":{"_crdt_document":"","footnotes":""},"categories":[1],"tags":[],"class_list":["post-99869","post","type-post","status-publish","format-standard","has-post-thumbnail","hentry","category-guncel"],"_links":{"self":[{"href":"https:\/\/www.egemtv.com\/index.php?rest_route=\/wp\/v2\/posts\/99869","targetHints":{"allow":["GET"]}}],"collection":[{"href":"https:\/\/www.egemtv.com\/index.php?rest_route=\/wp\/v2\/posts"}],"about":[{"href":"https:\/\/www.egemtv.com\/index.php?rest_route=\/wp\/v2\/types\/post"}],"author":[{"embeddable":true,"href":"https:\/\/www.egemtv.com\/index.php?rest_route=\/wp\/v2\/users\/1"}],"replies":[{"embeddable":true,"href":"https:\/\/www.egemtv.com\/index.php?rest_route=%2Fwp%2Fv2%2Fcomments&post=99869"}],"version-history":[{"count":1,"href":"https:\/\/www.egemtv.com\/index.php?rest_route=\/wp\/v2\/posts\/99869\/revisions"}],"predecessor-version":[{"id":99871,"href":"https:\/\/www.egemtv.com\/index.php?rest_route=\/wp\/v2\/posts\/99869\/revisions\/99871"}],"wp:featuredmedia":[{"embeddable":true,"href":"https:\/\/www.egemtv.com\/index.php?rest_route=\/wp\/v2\/media\/99870"}],"wp:attachment":[{"href":"https:\/\/www.egemtv.com\/index.php?rest_route=%2Fwp%2Fv2%2Fmedia&parent=99869"}],"wp:term":[{"taxonomy":"category","embeddable":true,"href":"https:\/\/www.egemtv.com\/index.php?rest_route=%2Fwp%2Fv2%2Fcategories&post=99869"},{"taxonomy":"post_tag","embeddable":true,"href":"https:\/\/www.egemtv.com\/index.php?rest_route=%2Fwp%2Fv2%2Ftags&post=99869"}],"curies":[{"name":"wp","href":"https:\/\/api.w.org\/{rel}","templated":true}]}}