{"id":99866,"date":"2026-05-01T17:21:24","date_gmt":"2026-05-01T14:21:24","guid":{"rendered":"https:\/\/www.egemtv.com\/?p=99866"},"modified":"2026-05-01T17:21:25","modified_gmt":"2026-05-01T14:21:25","slug":"ispartada-1-mayis-emek-ve-dayanisma-gunu-halaylarla-kutlandi","status":"publish","type":"post","link":"https:\/\/www.egemtv.com\/?p=99866","title":{"rendered":"Isparta\u2019da 1 May\u0131s Emek ve Dayan\u0131\u015fma G\u00fcn\u00fc halaylarla kutland\u0131"},"content":{"rendered":"<p>Isparta\u2019da 1 May\u0131s Emek ve Dayan\u0131\u015fma G\u00fcn\u00fc kapsam\u0131nda d\u00fczenlenen etkinliklerde kortej y\u00fcr\u00fcy\u00fc\u015f\u00fc yap\u0131ld\u0131. Kat\u0131l\u0131mc\u0131lar, y\u00fcr\u00fcy\u00fc\u015f\u00fcn ard\u0131ndan halaylar \u00e7ekerek g\u00fcn\u00fc kutlad\u0131.<br \/>\n<br \/>Isparta\u2019da 1 May\u0131s Emek ve Dayan\u0131\u015fma G\u00fcn\u00fc dolay\u0131s\u0131yla 1 May\u0131s Platformu Kutlama Komitesi taraf\u0131ndan etkinlik d\u00fczenlendi. Sendikalar, siyasi partiler ve sivil toplum kurulu\u015flar\u0131n\u0131n kat\u0131ld\u0131\u011f\u0131 programda kalabal\u0131k, Eski 6 Mart Spor Salonu \u00f6n\u00fcnde topland\u0131. Buradan sloganlar e\u015fli\u011finde y\u00fcr\u00fcy\u00fc\u015fe ge\u00e7en grup, \u015fark\u0131lar s\u00f6yleyerek tren gar\u0131na kadar y\u00fcr\u00fcd\u00fc. Polis ekipleri etkinlikler nedeniyle y\u00fcr\u00fcy\u00fc\u015f g\u00fczergah\u0131na \u00e7\u0131kan yollar\u0131 trafi\u011fe kapat\u0131rken, kutlama alan\u0131 g\u00fcvenlik barikatlar\u0131yla \u00e7evrildi. Kat\u0131l\u0131mc\u0131lar, alana polis ekiplerinin ald\u0131\u011f\u0131 yo\u011fun g\u00fcvenlik \u00f6nlemleri alt\u0131nda giri\u015f yapt\u0131. 1 May\u0131s kutlamalar\u0131, alanda yap\u0131lan konu\u015fmalar\u0131n ard\u0131ndan \u00e7ekilen halaylarla sona erdi.<br \/><\/p>\n","protected":false},"excerpt":{"rendered":"<p>Isparta\u2019da 1 May\u0131s Emek ve Dayan\u0131\u015fma G\u00fcn\u00fc kapsam\u0131nda d\u00fczenlenen etkinliklerde kortej y\u00fcr\u00fcy\u00fc\u015f\u00fc yap\u0131ld\u0131. Kat\u0131l\u0131mc\u0131lar, y\u00fcr\u00fcy\u00fc\u015f\u00fcn ard\u0131ndan halaylar \u00e7ekerek g\u00fcn\u00fc kutlad\u0131. Isparta\u2019da 1 May\u0131s Emek ve Dayan\u0131\u015fma G\u00fcn\u00fc dolay\u0131s\u0131yla 1 May\u0131s Platformu Kutlama Komitesi taraf\u0131ndan etkinlik d\u00fczenlendi. Sendikalar, siyasi partiler ve sivil toplum kurulu\u015flar\u0131n\u0131n kat\u0131ld\u0131\u011f\u0131 programda kalabal\u0131k, Eski 6 Mart Spor Salonu \u00f6n\u00fcnde topland\u0131. Buradan sloganlar&#8230;<\/p>\n","protected":false},"author":1,"featured_media":99867,"comment_status":"open","ping_status":"open","sticky":false,"template":"","format":"standard","meta":{"_crdt_document":"","footnotes":""},"categories":[1],"tags":[],"class_list":["post-99866","post","type-post","status-publish","format-standard","has-post-thumbnail","hentry","category-guncel"],"_links":{"self":[{"href":"https:\/\/www.egemtv.com\/index.php?rest_route=\/wp\/v2\/posts\/99866","targetHints":{"allow":["GET"]}}],"collection":[{"href":"https:\/\/www.egemtv.com\/index.php?rest_route=\/wp\/v2\/posts"}],"about":[{"href":"https:\/\/www.egemtv.com\/index.php?rest_route=\/wp\/v2\/types\/post"}],"author":[{"embeddable":true,"href":"https:\/\/www.egemtv.com\/index.php?rest_route=\/wp\/v2\/users\/1"}],"replies":[{"embeddable":true,"href":"https:\/\/www.egemtv.com\/index.php?rest_route=%2Fwp%2Fv2%2Fcomments&post=99866"}],"version-history":[{"count":1,"href":"https:\/\/www.egemtv.com\/index.php?rest_route=\/wp\/v2\/posts\/99866\/revisions"}],"predecessor-version":[{"id":99868,"href":"https:\/\/www.egemtv.com\/index.php?rest_route=\/wp\/v2\/posts\/99866\/revisions\/99868"}],"wp:featuredmedia":[{"embeddable":true,"href":"https:\/\/www.egemtv.com\/index.php?rest_route=\/wp\/v2\/media\/99867"}],"wp:attachment":[{"href":"https:\/\/www.egemtv.com\/index.php?rest_route=%2Fwp%2Fv2%2Fmedia&parent=99866"}],"wp:term":[{"taxonomy":"category","embeddable":true,"href":"https:\/\/www.egemtv.com\/index.php?rest_route=%2Fwp%2Fv2%2Fcategories&post=99866"},{"taxonomy":"post_tag","embeddable":true,"href":"https:\/\/www.egemtv.com\/index.php?rest_route=%2Fwp%2Fv2%2Ftags&post=99866"}],"curies":[{"name":"wp","href":"https:\/\/api.w.org\/{rel}","templated":true}]}}