{"id":99863,"date":"2026-05-01T17:21:23","date_gmt":"2026-05-01T14:21:23","guid":{"rendered":"https:\/\/www.egemtv.com\/?p=99863"},"modified":"2026-05-01T17:21:24","modified_gmt":"2026-05-01T14:21:24","slug":"sokakta-uyuyan-yasli-adamin-yuzune-tekme-atip-sosyal-medyada-paylastilar","status":"publish","type":"post","link":"https:\/\/www.egemtv.com\/?p=99863","title":{"rendered":"Sokakta uyuyan ya\u015fl\u0131 adam\u0131n y\u00fcz\u00fcne tekme at\u0131p sosyal medyada payla\u015ft\u0131lar"},"content":{"rendered":"<p>\u0130zmir\u2019in Buca il\u00e7esinde sokakta uyuyan ya\u015fl\u0131 bir adam\u0131 uyand\u0131rarak dalga ge\u00e7en ve y\u00fcz\u00fcne tekme att\u0131klar\u0131 anlar\u0131 cep telefonuyla kaydedip sosyal medyada payla\u015fan iki \u015f\u00fcpheli \u015fah\u0131s pes dedirtti.<br \/>\n<br \/>Olay, Buca il\u00e7esinde meydana geldi. Edinilen bilgiye g\u00f6re, sokakta yatan ya\u015fl\u0131 ve savunmas\u0131z adam\u0131n yan\u0131na yakla\u015fan iki gen\u00e7ten biri cep telefonu kameras\u0131n\u0131 a\u00e7arak kayda girdi. Ya\u015fl\u0131 adam\u0131 uykusundan uyand\u0131ran ve bir s\u00fcre alay eden \u015f\u00fcpheliler, daha sonra ak\u0131l almaz bir \u015fiddete ba\u015fvurdu. G\u00f6r\u00fcnt\u00fcy\u00fc \u00e7eken \u015f\u00fcphelinin y\u00f6nlendirmesiyle hareket eden di\u011fer \u015fah\u0131s, ne oldu\u011funu dahi anlamaya \u00e7al\u0131\u015fan ya\u015fl\u0131 adam\u0131n y\u00fcz\u00fcne aya\u011f\u0131yla sert bir tekme att\u0131. Ald\u0131\u011f\u0131 a\u011f\u0131r darbe ile sars\u0131lan ve sald\u0131rganlara tepki g\u00f6steren ya\u015fl\u0131 adam b\u00fcy\u00fck \u015fok ya\u015farken, iki \u015f\u00fcpheli \u015fah\u0131s olay yerinden h\u0131zla uzakla\u015ft\u0131. \u015e\u00fcpheliler, kendilerini savunacak g\u00fcc\u00fc dahi olmayan ya\u015fl\u0131 bir vatanda\u015fa uygulad\u0131klar\u0131 bu \u015fiddet anlar\u0131na ait g\u00f6r\u00fcnt\u00fcleri daha sonra sosyal medya hesaplar\u0131ndan yay\u0131nlad\u0131. Etkile\u015fim u\u011fruna savunmas\u0131z bir insan\u0131n onuruyla oynayan \u015f\u00fcpheli \u015fah\u0131slar\u0131n bu eylemi, g\u00f6r\u00fcnt\u00fclerin yay\u0131lmas\u0131yla birlikte izleyenlerin b\u00fcy\u00fck tepkisini \u00e7ekti.<br \/><\/p>\n","protected":false},"excerpt":{"rendered":"<p>\u0130zmir\u2019in Buca il\u00e7esinde sokakta uyuyan ya\u015fl\u0131 bir adam\u0131 uyand\u0131rarak dalga ge\u00e7en ve y\u00fcz\u00fcne tekme att\u0131klar\u0131 anlar\u0131 cep telefonuyla kaydedip sosyal medyada payla\u015fan iki \u015f\u00fcpheli \u015fah\u0131s pes dedirtti. Olay, Buca il\u00e7esinde meydana geldi. Edinilen bilgiye g\u00f6re, sokakta yatan ya\u015fl\u0131 ve savunmas\u0131z adam\u0131n yan\u0131na yakla\u015fan iki gen\u00e7ten biri cep telefonu kameras\u0131n\u0131 a\u00e7arak kayda girdi. Ya\u015fl\u0131 adam\u0131 uykusundan&#8230;<\/p>\n","protected":false},"author":1,"featured_media":99864,"comment_status":"open","ping_status":"open","sticky":false,"template":"","format":"standard","meta":{"_crdt_document":"","footnotes":""},"categories":[5],"tags":[],"class_list":["post-99863","post","type-post","status-publish","format-standard","has-post-thumbnail","hentry","category-asayis"],"_links":{"self":[{"href":"https:\/\/www.egemtv.com\/index.php?rest_route=\/wp\/v2\/posts\/99863","targetHints":{"allow":["GET"]}}],"collection":[{"href":"https:\/\/www.egemtv.com\/index.php?rest_route=\/wp\/v2\/posts"}],"about":[{"href":"https:\/\/www.egemtv.com\/index.php?rest_route=\/wp\/v2\/types\/post"}],"author":[{"embeddable":true,"href":"https:\/\/www.egemtv.com\/index.php?rest_route=\/wp\/v2\/users\/1"}],"replies":[{"embeddable":true,"href":"https:\/\/www.egemtv.com\/index.php?rest_route=%2Fwp%2Fv2%2Fcomments&post=99863"}],"version-history":[{"count":1,"href":"https:\/\/www.egemtv.com\/index.php?rest_route=\/wp\/v2\/posts\/99863\/revisions"}],"predecessor-version":[{"id":99865,"href":"https:\/\/www.egemtv.com\/index.php?rest_route=\/wp\/v2\/posts\/99863\/revisions\/99865"}],"wp:featuredmedia":[{"embeddable":true,"href":"https:\/\/www.egemtv.com\/index.php?rest_route=\/wp\/v2\/media\/99864"}],"wp:attachment":[{"href":"https:\/\/www.egemtv.com\/index.php?rest_route=%2Fwp%2Fv2%2Fmedia&parent=99863"}],"wp:term":[{"taxonomy":"category","embeddable":true,"href":"https:\/\/www.egemtv.com\/index.php?rest_route=%2Fwp%2Fv2%2Fcategories&post=99863"},{"taxonomy":"post_tag","embeddable":true,"href":"https:\/\/www.egemtv.com\/index.php?rest_route=%2Fwp%2Fv2%2Ftags&post=99863"}],"curies":[{"name":"wp","href":"https:\/\/api.w.org\/{rel}","templated":true}]}}