{"id":99859,"date":"2026-05-01T16:45:56","date_gmt":"2026-05-01T13:45:56","guid":{"rendered":"https:\/\/www.egemtv.com\/?p=99859"},"modified":"2026-05-01T16:45:57","modified_gmt":"2026-05-01T13:45:57","slug":"aydinda-otizm-il-koordinasyon-kurulu-toplantisi-yapildi","status":"publish","type":"post","link":"https:\/\/www.egemtv.com\/?p=99859","title":{"rendered":"Ayd\u0131n\u2019da Otizm \u0130l Koordinasyon Kurulu Toplant\u0131s\u0131 Yap\u0131ld\u0131"},"content":{"rendered":"<p>Ayd\u0131n\u2019da Otizm Spektrum Bozuklu\u011fu Olan Bireylere Y\u00f6nelik II. Ulusal Eylem Plan\u0131 kapsam\u0131nda Otizm \u0130l Koordinasyon Kurulu Toplant\u0131s\u0131 ger\u00e7ekle\u015ftirildi.<\/p>\n<p>Ayd\u0131n Aile ve Sosyal Hizmetler \u0130l M\u00fcd\u00fcrl\u00fc\u011f\u00fc koordinesinde d\u00fczenlenen toplant\u0131, Vali Yard\u0131mc\u0131s\u0131 Bilgehan Bayar ba\u015fkanl\u0131\u011f\u0131nda ilgili kamu kurum ve kurulu\u015flar\u0131n\u0131n kat\u0131l\u0131m\u0131yla yap\u0131ld\u0131. Toplant\u0131da, otizmli bireylerin ya\u015fam kalitesinin art\u0131r\u0131lmas\u0131na y\u00f6nelik il genelinde y\u00fcr\u00fct\u00fclen \u00e7al\u0131\u015fmalar de\u011ferlendirilirken, kurumlar aras\u0131 i\u015f birli\u011finin g\u00fc\u00e7lendirilmesi ve sunulan hizmetlerin daha etkin hale getirilmesi ad\u0131na at\u0131lacak ad\u0131mlar ele al\u0131nd\u0131. Yetkililer, ortak ak\u0131l ve g\u00fc\u00e7l\u00fc i\u015f birli\u011fi anlay\u0131\u015f\u0131yla \u00f6zel bireylerin her alanda daha etkin desteklenmesi i\u00e7in \u00e7al\u0131\u015fmalar\u0131n kararl\u0131l\u0131kla s\u00fcrd\u00fcr\u00fclece\u011fini belirtti.<br \/><\/p>\n","protected":false},"excerpt":{"rendered":"<p>Ayd\u0131n\u2019da Otizm Spektrum Bozuklu\u011fu Olan Bireylere Y\u00f6nelik II. Ulusal Eylem Plan\u0131 kapsam\u0131nda Otizm \u0130l Koordinasyon Kurulu Toplant\u0131s\u0131 ger\u00e7ekle\u015ftirildi. Ayd\u0131n Aile ve Sosyal Hizmetler \u0130l M\u00fcd\u00fcrl\u00fc\u011f\u00fc koordinesinde d\u00fczenlenen toplant\u0131, Vali Yard\u0131mc\u0131s\u0131 Bilgehan Bayar ba\u015fkanl\u0131\u011f\u0131nda ilgili kamu kurum ve kurulu\u015flar\u0131n\u0131n kat\u0131l\u0131m\u0131yla yap\u0131ld\u0131. Toplant\u0131da, otizmli bireylerin ya\u015fam kalitesinin art\u0131r\u0131lmas\u0131na y\u00f6nelik il genelinde y\u00fcr\u00fct\u00fclen \u00e7al\u0131\u015fmalar de\u011ferlendirilirken, kurumlar aras\u0131 i\u015f&#8230;<\/p>\n","protected":false},"author":1,"featured_media":99860,"comment_status":"open","ping_status":"open","sticky":false,"template":"","format":"standard","meta":{"_crdt_document":"","footnotes":""},"categories":[1],"tags":[],"class_list":["post-99859","post","type-post","status-publish","format-standard","has-post-thumbnail","hentry","category-guncel"],"_links":{"self":[{"href":"https:\/\/www.egemtv.com\/index.php?rest_route=\/wp\/v2\/posts\/99859","targetHints":{"allow":["GET"]}}],"collection":[{"href":"https:\/\/www.egemtv.com\/index.php?rest_route=\/wp\/v2\/posts"}],"about":[{"href":"https:\/\/www.egemtv.com\/index.php?rest_route=\/wp\/v2\/types\/post"}],"author":[{"embeddable":true,"href":"https:\/\/www.egemtv.com\/index.php?rest_route=\/wp\/v2\/users\/1"}],"replies":[{"embeddable":true,"href":"https:\/\/www.egemtv.com\/index.php?rest_route=%2Fwp%2Fv2%2Fcomments&post=99859"}],"version-history":[{"count":1,"href":"https:\/\/www.egemtv.com\/index.php?rest_route=\/wp\/v2\/posts\/99859\/revisions"}],"predecessor-version":[{"id":99862,"href":"https:\/\/www.egemtv.com\/index.php?rest_route=\/wp\/v2\/posts\/99859\/revisions\/99862"}],"wp:featuredmedia":[{"embeddable":true,"href":"https:\/\/www.egemtv.com\/index.php?rest_route=\/wp\/v2\/media\/99860"}],"wp:attachment":[{"href":"https:\/\/www.egemtv.com\/index.php?rest_route=%2Fwp%2Fv2%2Fmedia&parent=99859"}],"wp:term":[{"taxonomy":"category","embeddable":true,"href":"https:\/\/www.egemtv.com\/index.php?rest_route=%2Fwp%2Fv2%2Fcategories&post=99859"},{"taxonomy":"post_tag","embeddable":true,"href":"https:\/\/www.egemtv.com\/index.php?rest_route=%2Fwp%2Fv2%2Ftags&post=99859"}],"curies":[{"name":"wp","href":"https:\/\/api.w.org\/{rel}","templated":true}]}}