{"id":99857,"date":"2026-05-01T16:45:55","date_gmt":"2026-05-01T13:45:55","guid":{"rendered":"https:\/\/www.egemtv.com\/?p=99857"},"modified":"2026-05-01T16:45:56","modified_gmt":"2026-05-01T13:45:56","slug":"manisada-1-mayis-kutlamasi","status":"publish","type":"post","link":"https:\/\/www.egemtv.com\/?p=99857","title":{"rendered":"Manisa\u2019da 1 May\u0131s kutlamas\u0131"},"content":{"rendered":"<p>Manisa\u2019da 1 May\u0131s Emek ve Dayan\u0131\u015fma G\u00fcn\u00fc, \u00e7e\u015fitli etkinliklerle kutland\u0131. \u015eehzadeler il\u00e7esinde kortej y\u00fcr\u00fcy\u00fc\u015f\u00fc ile ba\u015flayan etkinlikler, Cumhuriyet Meydan\u0131\u2019ndaki konserle sona erdi.<br \/>\n<br \/>Manisa\u2019da 1 May\u0131s Emek ve Dayan\u0131\u015fma G\u00fcn\u00fc kapsam\u0131nda Emek, Demokrasi ve Bar\u0131\u015f Platformu taraf\u0131ndan bir kutlama program\u0131 tertip edildi. \u015eehzadeler il\u00e7esindeki tarihi Sultan Camii \u00f6n\u00fcnde toplanan kortej, sloganlar e\u015fli\u011finde Cumhuriyet Meydan\u0131\u2019na do\u011fru y\u00fcr\u00fcy\u00fc\u015fe ge\u00e7ti. Y\u00fcr\u00fcy\u00fc\u015fe CHP Manisa milletvekilleri Ahmet Vehbi Bak\u0131rl\u0131o\u011flu ve Selma Aliye Kavaf, Manisa B\u00fcy\u00fck\u015fehir Belediye Ba\u015fkan\u0131 Besim Dutlulu, Yunusemre Belediye Ba\u015fkan\u0131 Semih Balaban, \u015eehzadeler Belediye Ba\u015fkan\u0131 Hakan \u015eim\u015fek, CHP Manisa \u0130l Ba\u015fkan\u0131 \u0130lksen \u00d6zalper ile \u00e7ok say\u0131da sivil toplum kurulu\u015fu temsilcisi ve vatanda\u015f kat\u0131ld\u0131. Cumhuriyet Meydan\u0131\u2019nda son bulan y\u00fcr\u00fcy\u00fc\u015f\u00fcn ard\u0131ndan kalabal\u0131\u011fa hitap eden Manisa B\u00fcy\u00fck\u015fehir Belediye Ba\u015fkan\u0131 Besim Dutlulu, i\u015f\u00e7i haklar\u0131na vurgu yapt\u0131. Ba\u015fkan Dutlulu, belediye olarak her zaman i\u015f\u00e7i ve emek\u00e7inin yan\u0131nda yer ald\u0131klar\u0131n\u0131 ve al\u0131n terine sayg\u0131 duyduklar\u0131n\u0131 ifade etti.<br \/>\n<br \/>Resmi konu\u015fmalar\u0131n ard\u0131ndan kutlamalar konser program\u0131yla devam etti. Mo\u011follar sahne alarak, eserlerini Manisal\u0131lar i\u00e7in seslendirdi. Meydan\u0131 dolduran kat\u0131l\u0131mc\u0131lar, grubun performans\u0131yla 1 May\u0131s co\u015fkusunu doyas\u0131ya ya\u015fad\u0131. Etkinlikler, konserin ard\u0131ndan olays\u0131z bir \u015fekilde sona erdi.<br \/><\/p>\n","protected":false},"excerpt":{"rendered":"<p>Manisa\u2019da 1 May\u0131s Emek ve Dayan\u0131\u015fma G\u00fcn\u00fc, \u00e7e\u015fitli etkinliklerle kutland\u0131. \u015eehzadeler il\u00e7esinde kortej y\u00fcr\u00fcy\u00fc\u015f\u00fc ile ba\u015flayan etkinlikler, Cumhuriyet Meydan\u0131\u2019ndaki konserle sona erdi. Manisa\u2019da 1 May\u0131s Emek ve Dayan\u0131\u015fma G\u00fcn\u00fc kapsam\u0131nda Emek, Demokrasi ve Bar\u0131\u015f Platformu taraf\u0131ndan bir kutlama program\u0131 tertip edildi. \u015eehzadeler il\u00e7esindeki tarihi Sultan Camii \u00f6n\u00fcnde toplanan kortej, sloganlar e\u015fli\u011finde Cumhuriyet Meydan\u0131\u2019na do\u011fru y\u00fcr\u00fcy\u00fc\u015fe&#8230;<\/p>\n","protected":false},"author":1,"featured_media":99858,"comment_status":"open","ping_status":"open","sticky":false,"template":"","format":"standard","meta":{"_crdt_document":"","footnotes":""},"categories":[1],"tags":[],"class_list":["post-99857","post","type-post","status-publish","format-standard","has-post-thumbnail","hentry","category-guncel"],"_links":{"self":[{"href":"https:\/\/www.egemtv.com\/index.php?rest_route=\/wp\/v2\/posts\/99857","targetHints":{"allow":["GET"]}}],"collection":[{"href":"https:\/\/www.egemtv.com\/index.php?rest_route=\/wp\/v2\/posts"}],"about":[{"href":"https:\/\/www.egemtv.com\/index.php?rest_route=\/wp\/v2\/types\/post"}],"author":[{"embeddable":true,"href":"https:\/\/www.egemtv.com\/index.php?rest_route=\/wp\/v2\/users\/1"}],"replies":[{"embeddable":true,"href":"https:\/\/www.egemtv.com\/index.php?rest_route=%2Fwp%2Fv2%2Fcomments&post=99857"}],"version-history":[{"count":1,"href":"https:\/\/www.egemtv.com\/index.php?rest_route=\/wp\/v2\/posts\/99857\/revisions"}],"predecessor-version":[{"id":99861,"href":"https:\/\/www.egemtv.com\/index.php?rest_route=\/wp\/v2\/posts\/99857\/revisions\/99861"}],"wp:featuredmedia":[{"embeddable":true,"href":"https:\/\/www.egemtv.com\/index.php?rest_route=\/wp\/v2\/media\/99858"}],"wp:attachment":[{"href":"https:\/\/www.egemtv.com\/index.php?rest_route=%2Fwp%2Fv2%2Fmedia&parent=99857"}],"wp:term":[{"taxonomy":"category","embeddable":true,"href":"https:\/\/www.egemtv.com\/index.php?rest_route=%2Fwp%2Fv2%2Fcategories&post=99857"},{"taxonomy":"post_tag","embeddable":true,"href":"https:\/\/www.egemtv.com\/index.php?rest_route=%2Fwp%2Fv2%2Ftags&post=99857"}],"curies":[{"name":"wp","href":"https:\/\/api.w.org\/{rel}","templated":true}]}}