{"id":99854,"date":"2026-05-01T16:10:57","date_gmt":"2026-05-01T13:10:57","guid":{"rendered":"https:\/\/www.egemtv.com\/?p=99854"},"modified":"2026-05-01T16:10:59","modified_gmt":"2026-05-01T13:10:59","slug":"minibusle-otomobil-carpisti-6-yarali","status":"publish","type":"post","link":"https:\/\/www.egemtv.com\/?p=99854","title":{"rendered":"Minib\u00fcsle otomobil \u00e7arp\u0131\u015ft\u0131: 6 yaral\u0131"},"content":{"rendered":"<p>Afyonkarahisar\u2019da minib\u00fcs ile otomobilin \u00e7arp\u0131\u015fmas\u0131 sonucu meydana gelen trafik kazas\u0131nda 6 ki\u015fi yaraland\u0131.<br \/>\n<br \/>Kaza, Afyonkarahisar-Konya kara yolu Karaaslan k\u00f6y\u00fc yak\u0131nlar\u0131nda meydana geldi. Edinilen bilgilere g\u00f6re, H.G. (30) idaresindeki 03 ADR 287 plakal\u0131 otomobil, E.D. (28) y\u00f6netimindeki 06 ACV 632 plakal\u0131 minib\u00fcsle \u00e7arp\u0131\u015ft\u0131. Kazada kazada ara\u00e7larda bulunan 6 ki\u015fi yaraland\u0131. Yaral\u0131lar kaza sonras\u0131 \u00e7evredekilerin haber vermesi \u00fczerine olay yerine gelen ambulanslarla hastanelere kald\u0131r\u0131ld\u0131. Yaral\u0131lar\u0131n durumlar\u0131n\u0131n iyi oldu\u011fu bildirildi.<br \/>\n<br \/>Kazan\u0131n ard\u0131ndan jandarma taraf\u0131ndan inceleme ba\u015flat\u0131ld\u0131.<br \/><\/p>\n","protected":false},"excerpt":{"rendered":"<p>Afyonkarahisar\u2019da minib\u00fcs ile otomobilin \u00e7arp\u0131\u015fmas\u0131 sonucu meydana gelen trafik kazas\u0131nda 6 ki\u015fi yaraland\u0131. Kaza, Afyonkarahisar-Konya kara yolu Karaaslan k\u00f6y\u00fc yak\u0131nlar\u0131nda meydana geldi. Edinilen bilgilere g\u00f6re, H.G. (30) idaresindeki 03 ADR 287 plakal\u0131 otomobil, E.D. (28) y\u00f6netimindeki 06 ACV 632 plakal\u0131 minib\u00fcsle \u00e7arp\u0131\u015ft\u0131. Kazada kazada ara\u00e7larda bulunan 6 ki\u015fi yaraland\u0131. Yaral\u0131lar kaza sonras\u0131 \u00e7evredekilerin haber vermesi&#8230;<\/p>\n","protected":false},"author":1,"featured_media":99855,"comment_status":"open","ping_status":"open","sticky":false,"template":"","format":"standard","meta":{"_crdt_document":"","footnotes":""},"categories":[5],"tags":[],"class_list":["post-99854","post","type-post","status-publish","format-standard","has-post-thumbnail","hentry","category-asayis"],"_links":{"self":[{"href":"https:\/\/www.egemtv.com\/index.php?rest_route=\/wp\/v2\/posts\/99854","targetHints":{"allow":["GET"]}}],"collection":[{"href":"https:\/\/www.egemtv.com\/index.php?rest_route=\/wp\/v2\/posts"}],"about":[{"href":"https:\/\/www.egemtv.com\/index.php?rest_route=\/wp\/v2\/types\/post"}],"author":[{"embeddable":true,"href":"https:\/\/www.egemtv.com\/index.php?rest_route=\/wp\/v2\/users\/1"}],"replies":[{"embeddable":true,"href":"https:\/\/www.egemtv.com\/index.php?rest_route=%2Fwp%2Fv2%2Fcomments&post=99854"}],"version-history":[{"count":1,"href":"https:\/\/www.egemtv.com\/index.php?rest_route=\/wp\/v2\/posts\/99854\/revisions"}],"predecessor-version":[{"id":99856,"href":"https:\/\/www.egemtv.com\/index.php?rest_route=\/wp\/v2\/posts\/99854\/revisions\/99856"}],"wp:featuredmedia":[{"embeddable":true,"href":"https:\/\/www.egemtv.com\/index.php?rest_route=\/wp\/v2\/media\/99855"}],"wp:attachment":[{"href":"https:\/\/www.egemtv.com\/index.php?rest_route=%2Fwp%2Fv2%2Fmedia&parent=99854"}],"wp:term":[{"taxonomy":"category","embeddable":true,"href":"https:\/\/www.egemtv.com\/index.php?rest_route=%2Fwp%2Fv2%2Fcategories&post=99854"},{"taxonomy":"post_tag","embeddable":true,"href":"https:\/\/www.egemtv.com\/index.php?rest_route=%2Fwp%2Fv2%2Ftags&post=99854"}],"curies":[{"name":"wp","href":"https:\/\/api.w.org\/{rel}","templated":true}]}}