{"id":99851,"date":"2026-05-01T16:10:57","date_gmt":"2026-05-01T13:10:57","guid":{"rendered":"https:\/\/www.egemtv.com\/?p=99851"},"modified":"2026-05-01T16:10:57","modified_gmt":"2026-05-01T13:10:57","slug":"hakkinda-10-yil-hapis-cezasi-bulunan-firari-jasata-takildi","status":"publish","type":"post","link":"https:\/\/www.egemtv.com\/?p=99851","title":{"rendered":"Hakk\u0131nda 10 y\u0131l hapis cezas\u0131 bulunan firari JASAT\u2019a tak\u0131ld\u0131"},"content":{"rendered":"<p>Ayd\u0131n \u0130l Jandarma Komutanl\u0131\u011f\u0131\u2019na ba\u011fl\u0131 Ku\u015fadas\u0131 Jandarma Su\u00e7 Ara\u015ft\u0131rma Timi (JASAT) ekiplerince, hakk\u0131nda \u2019kasten \u00f6ld\u00fcrme\u2019 su\u00e7undan kesinle\u015fmi\u015f 10 y\u0131l hapis cezas\u0131 bulunan firari h\u00fck\u00fcml\u00fc yakaland\u0131.<\/p>\n<p>Edinilen bilgiye g\u00f6re, aranan \u015fah\u0131slar\u0131n yakalanmas\u0131na y\u00f6nelik s\u00fcrd\u00fcr\u00fclen \u00e7al\u0131\u015fmalar kapsam\u0131nda ekipler \u2019kasten \u00f6ld\u00fcrme\u2019 su\u00e7undan aranan ve hakk\u0131nda 10 y\u0131l kesinle\u015fmi\u015f hapis cezas\u0131 bulunan B.K.\u2019nin yerini tespit etti. Ku\u015fadas\u0131 il\u00e7esinde d\u00fczenlenen operasyonla yakalanan \u015fah\u0131s g\u00f6zalt\u0131na al\u0131nd\u0131.Jandarmadaki i\u015flemlerinin ard\u0131ndan adliyeye sevk edilen B.K., \u00e7\u0131kar\u0131ld\u0131\u011f\u0131 mahkemece tutuklanarak ceza infaz kurumuna teslim edildi.<br \/><\/p>\n","protected":false},"excerpt":{"rendered":"<p>Ayd\u0131n \u0130l Jandarma Komutanl\u0131\u011f\u0131\u2019na ba\u011fl\u0131 Ku\u015fadas\u0131 Jandarma Su\u00e7 Ara\u015ft\u0131rma Timi (JASAT) ekiplerince, hakk\u0131nda \u2019kasten \u00f6ld\u00fcrme\u2019 su\u00e7undan kesinle\u015fmi\u015f 10 y\u0131l hapis cezas\u0131 bulunan firari h\u00fck\u00fcml\u00fc yakaland\u0131. Edinilen bilgiye g\u00f6re, aranan \u015fah\u0131slar\u0131n yakalanmas\u0131na y\u00f6nelik s\u00fcrd\u00fcr\u00fclen \u00e7al\u0131\u015fmalar kapsam\u0131nda ekipler \u2019kasten \u00f6ld\u00fcrme\u2019 su\u00e7undan aranan ve hakk\u0131nda 10 y\u0131l kesinle\u015fmi\u015f hapis cezas\u0131 bulunan B.K.\u2019nin yerini tespit etti. Ku\u015fadas\u0131 il\u00e7esinde d\u00fczenlenen&#8230;<\/p>\n","protected":false},"author":1,"featured_media":99852,"comment_status":"open","ping_status":"open","sticky":false,"template":"","format":"standard","meta":{"_crdt_document":"","footnotes":""},"categories":[5],"tags":[],"class_list":["post-99851","post","type-post","status-publish","format-standard","has-post-thumbnail","hentry","category-asayis"],"_links":{"self":[{"href":"https:\/\/www.egemtv.com\/index.php?rest_route=\/wp\/v2\/posts\/99851","targetHints":{"allow":["GET"]}}],"collection":[{"href":"https:\/\/www.egemtv.com\/index.php?rest_route=\/wp\/v2\/posts"}],"about":[{"href":"https:\/\/www.egemtv.com\/index.php?rest_route=\/wp\/v2\/types\/post"}],"author":[{"embeddable":true,"href":"https:\/\/www.egemtv.com\/index.php?rest_route=\/wp\/v2\/users\/1"}],"replies":[{"embeddable":true,"href":"https:\/\/www.egemtv.com\/index.php?rest_route=%2Fwp%2Fv2%2Fcomments&post=99851"}],"version-history":[{"count":1,"href":"https:\/\/www.egemtv.com\/index.php?rest_route=\/wp\/v2\/posts\/99851\/revisions"}],"predecessor-version":[{"id":99853,"href":"https:\/\/www.egemtv.com\/index.php?rest_route=\/wp\/v2\/posts\/99851\/revisions\/99853"}],"wp:featuredmedia":[{"embeddable":true,"href":"https:\/\/www.egemtv.com\/index.php?rest_route=\/wp\/v2\/media\/99852"}],"wp:attachment":[{"href":"https:\/\/www.egemtv.com\/index.php?rest_route=%2Fwp%2Fv2%2Fmedia&parent=99851"}],"wp:term":[{"taxonomy":"category","embeddable":true,"href":"https:\/\/www.egemtv.com\/index.php?rest_route=%2Fwp%2Fv2%2Fcategories&post=99851"},{"taxonomy":"post_tag","embeddable":true,"href":"https:\/\/www.egemtv.com\/index.php?rest_route=%2Fwp%2Fv2%2Ftags&post=99851"}],"curies":[{"name":"wp","href":"https:\/\/api.w.org\/{rel}","templated":true}]}}