{"id":99848,"date":"2026-05-01T16:10:55","date_gmt":"2026-05-01T13:10:55","guid":{"rendered":"https:\/\/www.egemtv.com\/?p=99848"},"modified":"2026-05-01T16:10:56","modified_gmt":"2026-05-01T13:10:56","slug":"izmir-cicek-gibi-acacak","status":"publish","type":"post","link":"https:\/\/www.egemtv.com\/?p=99848","title":{"rendered":"\u0130zmir \u00e7i\u00e7ek gibi a\u00e7acak"},"content":{"rendered":"<p>\u0130zmir B\u00fcy\u00fck\u015fehir Belediyesi taraf\u0131ndan \u00fc\u00e7\u00fcnc\u00fc kez d\u00fczenlenecek \u0130zmir Balkon-Bah\u00e7e Bitkileri Festivali i\u00e7in geri say\u0131ma ge\u00e7ildi. 8-10 May\u0131s tarihleri aras\u0131nda K\u00fclt\u00fcrpark \u00e7i\u00e7ek a\u00e7acak.<br \/>\n<br \/>\u0130zmir B\u00fcy\u00fck\u015fehir Belediyesi taraf\u0131ndan \u00fc\u00e7\u00fcnc\u00fcs\u00fc d\u00fczenlenecek \u0130zmir Balkon ve Bah\u00e7e Bitkileri Festivali\u2019ne say\u0131l\u0131 g\u00fcnler kald\u0131. \u0130zmir tar\u0131m\u0131n\u0131 g\u00fc\u00e7lendirmek ve balkon bah\u00e7ecili\u011fini yayg\u0131nla\u015ft\u0131rmak amac\u0131yla K\u00fclt\u00fcrpark\u2019ta 8-10 May\u0131s tarihleri aras\u0131nda ger\u00e7ekle\u015ftirilecek festivalde \u0130zmir adeta \u00e7i\u00e7ek a\u00e7acak. \u00c7i\u00e7ek ve bitki sat\u0131\u015f stantlar\u0131 ile yeme i\u00e7me alanlar\u0131n\u0131n yan\u0131 s\u0131ra at\u00f6lyeler, s\u00f6yle\u015filer, konserler ve \u00e7ocuk etkinlikleriyle renklenecek programa \u0130zmirlilerin yo\u011fun ilgi g\u00f6stermesi bekleniyor.<br \/>\n<br \/>8 May\u0131s\u2019ta saat 17.30\u2019da \u0130zBB Bando Korteji ile ba\u015flayacak olan festivalde ayn\u0131 g\u00fcn 18.00-18.45 saatleri aras\u0131nda G\u00fclce Alatay konseri, 18.45-19.30 saatleri aras\u0131nda ise \u00d6zlem Menokan konseri d\u00fczenlenecek. 9 May\u0131s\u2019ta saat 15.00\u2019te \u0130zBB Bando Korteji\u2019nin ge\u00e7i\u015fi ele ba\u015flayacak etkinlikler ise, 16.00-17.00 saatlerinde \u00c7a\u011fr\u0131 Ergin konseri, 17.00-17.30\u2019de \u0130zBB Bando Quartet Enstr\u00fcman dinletisi, 18.00-19.00\u2019da Merve Mete konseri, 19.30-20.30\u2019da Enes Kundurac\u0131 konseri ile devam edecek. 10 May\u0131s g\u00fcn\u00fc yine saat 15.00\u2019te \u0130zBB Bando Korteji ile ba\u015flayacak olan etkinliklerde 16.00-17.00 saatleri aras\u0131nda \u00c7a\u011fr\u0131 Ergin konseri, 17.00-17.50\u2019de \u0130zBB Bando Trio Enstr\u00fcman dinletisi, 18.00-19.00\u2019da Merve Mete konseri yer alacak.<br \/><\/p>\n","protected":false},"excerpt":{"rendered":"<p>\u0130zmir B\u00fcy\u00fck\u015fehir Belediyesi taraf\u0131ndan \u00fc\u00e7\u00fcnc\u00fc kez d\u00fczenlenecek \u0130zmir Balkon-Bah\u00e7e Bitkileri Festivali i\u00e7in geri say\u0131ma ge\u00e7ildi. 8-10 May\u0131s tarihleri aras\u0131nda K\u00fclt\u00fcrpark \u00e7i\u00e7ek a\u00e7acak. \u0130zmir B\u00fcy\u00fck\u015fehir Belediyesi taraf\u0131ndan \u00fc\u00e7\u00fcnc\u00fcs\u00fc d\u00fczenlenecek \u0130zmir Balkon ve Bah\u00e7e Bitkileri Festivali\u2019ne say\u0131l\u0131 g\u00fcnler kald\u0131. \u0130zmir tar\u0131m\u0131n\u0131 g\u00fc\u00e7lendirmek ve balkon bah\u00e7ecili\u011fini yayg\u0131nla\u015ft\u0131rmak amac\u0131yla K\u00fclt\u00fcrpark\u2019ta 8-10 May\u0131s tarihleri aras\u0131nda ger\u00e7ekle\u015ftirilecek festivalde \u0130zmir adeta \u00e7i\u00e7ek&#8230;<\/p>\n","protected":false},"author":1,"featured_media":99849,"comment_status":"open","ping_status":"open","sticky":false,"template":"","format":"standard","meta":{"_crdt_document":"","footnotes":""},"categories":[1],"tags":[],"class_list":["post-99848","post","type-post","status-publish","format-standard","has-post-thumbnail","hentry","category-guncel"],"_links":{"self":[{"href":"https:\/\/www.egemtv.com\/index.php?rest_route=\/wp\/v2\/posts\/99848","targetHints":{"allow":["GET"]}}],"collection":[{"href":"https:\/\/www.egemtv.com\/index.php?rest_route=\/wp\/v2\/posts"}],"about":[{"href":"https:\/\/www.egemtv.com\/index.php?rest_route=\/wp\/v2\/types\/post"}],"author":[{"embeddable":true,"href":"https:\/\/www.egemtv.com\/index.php?rest_route=\/wp\/v2\/users\/1"}],"replies":[{"embeddable":true,"href":"https:\/\/www.egemtv.com\/index.php?rest_route=%2Fwp%2Fv2%2Fcomments&post=99848"}],"version-history":[{"count":1,"href":"https:\/\/www.egemtv.com\/index.php?rest_route=\/wp\/v2\/posts\/99848\/revisions"}],"predecessor-version":[{"id":99850,"href":"https:\/\/www.egemtv.com\/index.php?rest_route=\/wp\/v2\/posts\/99848\/revisions\/99850"}],"wp:featuredmedia":[{"embeddable":true,"href":"https:\/\/www.egemtv.com\/index.php?rest_route=\/wp\/v2\/media\/99849"}],"wp:attachment":[{"href":"https:\/\/www.egemtv.com\/index.php?rest_route=%2Fwp%2Fv2%2Fmedia&parent=99848"}],"wp:term":[{"taxonomy":"category","embeddable":true,"href":"https:\/\/www.egemtv.com\/index.php?rest_route=%2Fwp%2Fv2%2Fcategories&post=99848"},{"taxonomy":"post_tag","embeddable":true,"href":"https:\/\/www.egemtv.com\/index.php?rest_route=%2Fwp%2Fv2%2Ftags&post=99848"}],"curies":[{"name":"wp","href":"https:\/\/api.w.org\/{rel}","templated":true}]}}