{"id":99845,"date":"2026-05-01T16:10:55","date_gmt":"2026-05-01T13:10:55","guid":{"rendered":"https:\/\/www.egemtv.com\/?p=99845"},"modified":"2026-05-01T16:10:55","modified_gmt":"2026-05-01T13:10:55","slug":"salihlide-aile-destek-merkezi-acildi","status":"publish","type":"post","link":"https:\/\/www.egemtv.com\/?p=99845","title":{"rendered":"Salihli\u2019de Aile Destek Merkezi a\u00e7\u0131ld\u0131"},"content":{"rendered":"<p>Manisa\u2019n\u0131n Salihli il\u00e7esinde, vatanda\u015flara y\u00f6nelik sosyal destek hizmetlerinin g\u00fc\u00e7lendirilmesi amac\u0131yla kurulan Aile Destek Merkezi (ADEM) d\u00fczenlenen t\u00f6renle hizmete a\u00e7\u0131ld\u0131.<br \/>\n<br \/>Salihli Sosyal Yard\u0131mla\u015fma ve Dayan\u0131\u015fma Vakf\u0131 b\u00fcnyesinde hayata ge\u00e7irilen merkezin a\u00e7\u0131l\u0131\u015f\u0131na Kaymakam Ali G\u00fcldo\u011fan, \u0130l\u00e7e Emniyet M\u00fcd\u00fcr\u00fc Bircan Baycan, \u0130l\u00e7e Jandarma Komutan\u0131 Binba\u015f\u0131 Do\u011fukan Karaaslan, M\u00fctevelli Heyeti \u00fcyeleri ve kursiyerler kat\u0131ld\u0131.<br \/>\n<br \/>A\u00e7\u0131l\u0131\u015f program\u0131nda konu\u015fan Kaymakam Ali G\u00fcldo\u011fan, ADEM\u2019in \u00f6zellikle kad\u0131nlar\u0131n mesleki beceriler kazanmas\u0131na katk\u0131 sa\u011flayaca\u011f\u0131n\u0131 belirterek, &#8220;Merkezimiz, kad\u0131nlar\u0131n sosyal hayata daha aktif kat\u0131l\u0131m g\u00f6stermesine ve aile yap\u0131s\u0131n\u0131n g\u00fc\u00e7lenmesine \u00f6nemli destek sunacak&#8221; dedi.<br \/>\n<br \/>Konu\u015fmalar\u0131n ard\u0131ndan merkezin a\u00e7\u0131l\u0131\u015f\u0131 ger\u00e7ekle\u015ftirilirken, Kaymakam G\u00fcldo\u011fan ve beraberindeki protokol \u00fcyeleri merkezini dola\u015farak y\u00fcr\u00fct\u00fclecek faaliyetler hakk\u0131nda yetkililerden bilgi ald\u0131.<br \/>\n<br \/>Salihli\u2019de hizmete giren Aile Destek Merkezi\u2019nin, il\u00e7edeki sosyal dayan\u0131\u015fmay\u0131 art\u0131rmas\u0131 ve bir\u00e7ok vatanda\u015fa katk\u0131 sa\u011flamas\u0131 bekleniyor.<br \/><\/p>\n","protected":false},"excerpt":{"rendered":"<p>Manisa\u2019n\u0131n Salihli il\u00e7esinde, vatanda\u015flara y\u00f6nelik sosyal destek hizmetlerinin g\u00fc\u00e7lendirilmesi amac\u0131yla kurulan Aile Destek Merkezi (ADEM) d\u00fczenlenen t\u00f6renle hizmete a\u00e7\u0131ld\u0131. Salihli Sosyal Yard\u0131mla\u015fma ve Dayan\u0131\u015fma Vakf\u0131 b\u00fcnyesinde hayata ge\u00e7irilen merkezin a\u00e7\u0131l\u0131\u015f\u0131na Kaymakam Ali G\u00fcldo\u011fan, \u0130l\u00e7e Emniyet M\u00fcd\u00fcr\u00fc Bircan Baycan, \u0130l\u00e7e Jandarma Komutan\u0131 Binba\u015f\u0131 Do\u011fukan Karaaslan, M\u00fctevelli Heyeti \u00fcyeleri ve kursiyerler kat\u0131ld\u0131. A\u00e7\u0131l\u0131\u015f program\u0131nda konu\u015fan Kaymakam Ali&#8230;<\/p>\n","protected":false},"author":1,"featured_media":99846,"comment_status":"open","ping_status":"open","sticky":false,"template":"","format":"standard","meta":{"_crdt_document":"","footnotes":""},"categories":[125],"tags":[],"class_list":["post-99845","post","type-post","status-publish","format-standard","has-post-thumbnail","hentry","category-ekonomi"],"_links":{"self":[{"href":"https:\/\/www.egemtv.com\/index.php?rest_route=\/wp\/v2\/posts\/99845","targetHints":{"allow":["GET"]}}],"collection":[{"href":"https:\/\/www.egemtv.com\/index.php?rest_route=\/wp\/v2\/posts"}],"about":[{"href":"https:\/\/www.egemtv.com\/index.php?rest_route=\/wp\/v2\/types\/post"}],"author":[{"embeddable":true,"href":"https:\/\/www.egemtv.com\/index.php?rest_route=\/wp\/v2\/users\/1"}],"replies":[{"embeddable":true,"href":"https:\/\/www.egemtv.com\/index.php?rest_route=%2Fwp%2Fv2%2Fcomments&post=99845"}],"version-history":[{"count":1,"href":"https:\/\/www.egemtv.com\/index.php?rest_route=\/wp\/v2\/posts\/99845\/revisions"}],"predecessor-version":[{"id":99847,"href":"https:\/\/www.egemtv.com\/index.php?rest_route=\/wp\/v2\/posts\/99845\/revisions\/99847"}],"wp:featuredmedia":[{"embeddable":true,"href":"https:\/\/www.egemtv.com\/index.php?rest_route=\/wp\/v2\/media\/99846"}],"wp:attachment":[{"href":"https:\/\/www.egemtv.com\/index.php?rest_route=%2Fwp%2Fv2%2Fmedia&parent=99845"}],"wp:term":[{"taxonomy":"category","embeddable":true,"href":"https:\/\/www.egemtv.com\/index.php?rest_route=%2Fwp%2Fv2%2Fcategories&post=99845"},{"taxonomy":"post_tag","embeddable":true,"href":"https:\/\/www.egemtv.com\/index.php?rest_route=%2Fwp%2Fv2%2Ftags&post=99845"}],"curies":[{"name":"wp","href":"https:\/\/api.w.org\/{rel}","templated":true}]}}