{"id":99842,"date":"2026-05-01T16:10:54","date_gmt":"2026-05-01T13:10:54","guid":{"rendered":"https:\/\/www.egemtv.com\/?p=99842"},"modified":"2026-05-01T16:10:55","modified_gmt":"2026-05-01T13:10:55","slug":"kutahyadaki-trafik-kazasina-iliskin-vali-musa-isindan-aciklama-olayda-ortbas-soz-konusu-degil","status":"publish","type":"post","link":"https:\/\/www.egemtv.com\/?p=99842","title":{"rendered":"K\u00fctahya\u2019daki trafik kazas\u0131na ili\u015fkin Vali Musa I\u015f\u0131n\u2019dan a\u00e7\u0131klama: &#8220;Olayda \u00f6rtbas s\u00f6z konusu de\u011fil&#8221;"},"content":{"rendered":"<p>K\u00fctahya\u2019da MHP\u2019li Belediye Meclis \u00dcyesi Hasan \u00d6ztulum\u2019un a\u011f\u0131r yaraland\u0131\u011f\u0131 trafik kazas\u0131na ili\u015fkin konu\u015fan Vali Musa I\u015f\u0131n, olay\u0131n baz\u0131 \u00e7evrelerce \u00e7arp\u0131t\u0131ld\u0131\u011f\u0131n\u0131 belirterek t\u00fcm s\u00fcrecin \u015feffaf ve hukuki \u00e7er\u00e7evede y\u00fcr\u00fct\u00fcld\u00fc\u011f\u00fcn\u00fc vurgulad\u0131. Kazaya kar\u0131\u015fan s\u00fcr\u00fcc\u00fcn\u00fcn alkoll\u00fc oldu\u011fu tespit edilirken, adli kontrol \u015fart\u0131yla serbest b\u0131rak\u0131ld\u0131\u011f\u0131 bildirildi.<br \/>\n<br \/>K\u00fctahya\u2019da 27 \u015eubat 2026 tarihinde meydana gelen ve kamuoyunda geni\u015f yank\u0131 uyand\u0131ran trafik kazas\u0131na ili\u015fkin tart\u0131\u015fmalar devam ederken, K\u00fctahya Valisi Musa I\u015f\u0131n konuya dair detayl\u0131 bir bas\u0131n a\u00e7\u0131klamas\u0131 yapt\u0131. Vali I\u015f\u0131n, \u00f6zellikle sosyal medya \u00fczerinden yay\u0131lan iddialar\u0131n ger\u00e7e\u011fi yans\u0131tmad\u0131\u011f\u0131n\u0131 belirterek, olay\u0131n t\u00fcm y\u00f6nleriyle ayd\u0131nlat\u0131ld\u0131\u011f\u0131n\u0131 ifade etti.<\/p>\n<p>&#8220;Basit bir kaza b\u00fcy\u00fct\u00fclmek isteniyor&#8221;<br \/>\n<br \/>Vali I\u015f\u0131n, son g\u00fcnlerde baz\u0131 YouTube yay\u0131nlar\u0131 ve sosyal medya payla\u015f\u0131mlar\u0131nda olay\u0131n oldu\u011fundan farkl\u0131 g\u00f6sterildi\u011fini belirterek, &#8220;\u0130limizde meydana gelen basit bir trafik kazas\u0131 abart\u0131larak adeta bir \u2018Susurluk hadisesi\u2019 gibi sunulmak istenmi\u015ftir. Bu durum kamuoyunu yan\u0131ltmakta ve devlet kurumlar\u0131na olan g\u00fcveni zedelemektedir&#8221; dedi.<\/p>\n<p>Olay\u0131n kronolojisi<br \/>\n<br \/>Kazan\u0131n 27 \u015eubat g\u00fcn\u00fc saat 04.30 s\u0131ralar\u0131nda M\u00fcft\u00fcl\u00fck civar\u0131nda meydana geldi\u011fini belirten I\u015f\u0131n, MHP K\u00fctahya \u0130l Belediye Meclis \u00dcyesi Hasan \u00d6ztulum\u2019un yaya olarak ilerledi\u011fi s\u0131rada bir arac\u0131n \u00e7arpmas\u0131 sonucu a\u011f\u0131r yaraland\u0131\u011f\u0131n\u0131 s\u00f6yledi. Olay\u0131n hemen ard\u0131ndan polis ekiplerinin iki dakika i\u00e7inde olay yerine ula\u015ft\u0131\u011f\u0131n\u0131 ifade eden I\u015f\u0131n, yaral\u0131n\u0131n h\u0131zla hastaneye sevk edildi\u011fini kaydetti.<br \/>\n<br \/>\u0130lk etapta g\u00f6rg\u00fc tan\u0131klar\u0131n\u0131n arac\u0131n k\u0131rm\u0131z\u0131 oldu\u011fu y\u00f6n\u00fcnde ifade verdi\u011fini belirten I\u015f\u0131n, b\u00f6lgede do\u011frudan kazay\u0131 g\u00f6ren bir kamera bulunmamas\u0131 nedeniyle \u00e7evredeki di\u011fer kamera kay\u0131tlar\u0131n\u0131n incelendi\u011fini s\u00f6yledi. Yap\u0131lan detayl\u0131 analizler sonucunda kazaya kar\u0131\u015fan arac\u0131n siyah renkli oldu\u011fu ve plakas\u0131n\u0131n tespit edildi\u011fi a\u00e7\u0131kland\u0131.<\/p>\n<p>S\u00fcr\u00fcc\u00fc k\u0131sa s\u00fcrede tespit edildi<br \/>\n<br \/>Vali I\u015f\u0131n, y\u00fcr\u00fct\u00fclen \u00e7al\u0131\u015fmalar sonucunda kazaya kar\u0131\u015fan arac\u0131n s\u00fcr\u00fcc\u00fcs\u00fcn\u00fcn \u0130smet Bahad\u0131r Tektek oldu\u011funun saat 11.00 s\u0131ralar\u0131nda tespit edildi\u011fini belirtti. \u015e\u00fcphelinin g\u00f6zalt\u0131na al\u0131nd\u0131\u011f\u0131n\u0131, sa\u011fl\u0131k kontrollerinden ge\u00e7irildi\u011fini ve alkol testine tabi tutuldu\u011funu ifade etti.<br \/>\n<br \/>Yap\u0131lan \u00f6l\u00e7\u00fcmlerde s\u00fcr\u00fcc\u00fcn\u00fcn alkoll\u00fc oldu\u011funun belirlendi\u011fini aktaran I\u015f\u0131n, olay ile test aras\u0131nda ge\u00e7en s\u00fcre dikkate al\u0131narak yap\u0131lan hesaplamada alkol oran\u0131n\u0131n daha y\u00fcksek oldu\u011funun de\u011ferlendirildi\u011fini s\u00f6yledi.<\/p>\n<p>Adli s\u00fcre\u00e7 ve verilen karar<br \/>\n<br \/>\u015e\u00fcphelinin emniyetteki i\u015flemlerinin ard\u0131ndan Cumhuriyet Ba\u015fsavc\u0131l\u0131\u011f\u0131na sevk edildi\u011fini belirten I\u015f\u0131n, s\u00fcrecin devam\u0131nda mahkeme taraf\u0131ndan &#8220;konutu terk etmeme&#8221; yani ev hapsi \u015feklinde adli kontrol karar\u0131 verildi\u011fini ifade etti. Daha sonra bu karar\u0131n haftal\u0131k imza y\u00fck\u00fcml\u00fcl\u00fc\u011f\u00fcne \u00e7evrildi\u011fini kaydetti.<br \/>\n<br \/>Vali I\u015f\u0131n, s\u00fcrecin ba\u015f\u0131ndan itibaren t\u00fcm i\u015flemlerin yasal prosed\u00fcrlere uygun \u015fekilde y\u00fcr\u00fct\u00fcld\u00fc\u011f\u00fcn\u00fc vurgulayarak, &#8220;Herhangi bir gecikme, ihmal ya da kay\u0131rma s\u00f6z konusu de\u011fildir&#8221; dedi.<\/p>\n<p>&#8220;\u00d6rtbas iddialar\u0131 ger\u00e7e\u011fi yans\u0131tm\u0131yor&#8221;<br \/>\n<br \/>Kamuoyunda yer alan &#8220;olay\u0131n \u00f6rtbas edildi\u011fi&#8221; y\u00f6n\u00fcndeki iddialara da yan\u0131t veren I\u015f\u0131n, &#8220;Ne emniyet birimlerimizin ne de herhangi bir kamu g\u00f6revlisinin bu olay\u0131 gizleme ya da farkl\u0131 g\u00f6sterme gibi bir tutumu olmam\u0131\u015ft\u0131r. T\u00fcm s\u00fcre\u00e7 \u015feffaf \u015fekilde y\u00fcr\u00fct\u00fclm\u00fc\u015ft\u00fcr&#8221; diye konu\u015ftu.<br \/>\n<br \/>Vali I\u015f\u0131n ayr\u0131ca, \u015f\u00fcphelinin ge\u00e7mi\u015fte de baz\u0131 su\u00e7lara kar\u0131\u015ft\u0131\u011f\u0131n\u0131 ve bunlar\u0131n adli kay\u0131tlarda yer ald\u0131\u011f\u0131n\u0131 ifade etti.<\/p>\n<p>Emniyet m\u00fcd\u00fcr yard\u0131mc\u0131s\u0131 hakk\u0131nda idari i\u015flem<br \/>\n<br \/>Kazaya kar\u0131\u015fan s\u00fcr\u00fcc\u00fcn\u00fcn babas\u0131n\u0131n emniyet m\u00fcd\u00fcr yard\u0131mc\u0131s\u0131 oldu\u011funu hat\u0131rlatan I\u015f\u0131n, cezalar\u0131n \u015fahsili\u011fi ilkesi gere\u011fi baban\u0131n adli sorumlulu\u011funun bulunmad\u0131\u011f\u0131n\u0131 ancak idari y\u00f6nden de\u011ferlendirme yap\u0131ld\u0131\u011f\u0131n\u0131 belirtti. Bu kapsamda s\u00f6z konusu emniyet m\u00fcd\u00fcr yard\u0131mc\u0131s\u0131n\u0131n ba\u015fka bir ile tayin edildi\u011fini a\u00e7\u0131klad\u0131.<br \/>\n<br \/>Vali I\u015f\u0131n, olay\u0131n ard\u0131ndan bizzat kendisinin talimat\u0131yla \u0130\u00e7i\u015fleri Bakanl\u0131\u011f\u0131\u2019ndan m\u00fcfetti\u015f talep edildi\u011fini ve gerekli idari incelemenin de yap\u0131ld\u0131\u011f\u0131n\u0131 s\u00f6yledi.<br \/>\n<br \/>Valilik taraf\u0131ndan yap\u0131lan yaz\u0131l\u0131 a\u00e7\u0131klamada ise kazada a\u011f\u0131r yaralanan Hasan \u00d6ztulum\u2019un K\u00fctahya \u015eehir Hastanesi\u2019nde tedavisinin s\u00fcrd\u00fc\u011f\u00fc bildirildi. A\u00e7\u0131klamada, \u00d6ztulum\u2019un kafatas\u0131nda ve g\u00f6z \u00e7evresinde k\u0131r\u0131klar bulundu\u011fu, beyin kanamas\u0131 ge\u00e7irdi\u011fi ancak bilincinin a\u00e7\u0131k oldu\u011fu ve yo\u011fun bak\u0131mda tedavi alt\u0131nda tutuldu\u011fu ifade edildi.<\/p>\n<p>S\u00fcr\u00fcc\u00fcye para cezas\u0131 ve adli i\u015flem<br \/>\n<br \/>Polis ekiplerine teslim olan s\u00fcr\u00fcc\u00fcye yap\u0131lan alkol testinde belirli bir promil \u00fczerinde alkoll\u00fc oldu\u011fu tespit edilirken, olay saatine g\u00f6re yap\u0131lan hesaplamada bu oran\u0131n daha y\u00fcksek oldu\u011fu de\u011ferlendirildi. S\u00fcr\u00fcc\u00fcye alkoll\u00fc ara\u00e7 kullanma, kaza yerini terk etme ve ehliyet bulundurmama gibi ihlallerden toplam 73 bin 719 TL idari para cezas\u0131 uyguland\u0131.<br \/>\n<br \/>Ayr\u0131ca &#8220;trafik g\u00fcvenli\u011fini tehlikeye sokma&#8221; su\u00e7undan adli i\u015flem ba\u015flat\u0131ld\u0131\u011f\u0131 belirtildi.<br \/>\n<br \/>Haz\u0131rlanan \u00f6n bilirki\u015fi raporuna g\u00f6re kazan\u0131n olu\u015fumunda yaya Hasan \u00d6ztulum\u2019un asli kusurlu, s\u00fcr\u00fcc\u00fc \u0130smet Bahad\u0131r Tektek\u2019in ise tali kusurlu oldu\u011fu de\u011ferlendirildi.<br \/>\n<br \/>A\u00e7\u0131klamas\u0131n\u0131n sonunda kamuoyuna \u00e7a\u011fr\u0131da bulunan Vali I\u015f\u0131n, &#8220;Basit olaylardan yola \u00e7\u0131karak devletimizi, g\u00fcvenlik g\u00fc\u00e7lerimizi t\u00f6hmet alt\u0131nda b\u0131rakacak giri\u015fimler do\u011fru de\u011fildir. Kamuoyunun bu t\u00fcr manip\u00fclatif i\u00e7eriklere itibar etmemesi gerekir&#8221; dedi.<br \/>\n<br \/>I\u015f\u0131n, K\u00fctahya\u2019n\u0131n su\u00e7 oran\u0131 a\u00e7\u0131s\u0131ndan T\u00fcrkiye\u2019nin en huzurlu illerinden biri oldu\u011funu belirterek, g\u00fcvenlik g\u00fc\u00e7lerinin t\u00fcm olaylara h\u0131zl\u0131 ve etkin \u015fekilde m\u00fcdahale etti\u011fini s\u00f6zlerine ekledi.<br \/><\/p>\n","protected":false},"excerpt":{"rendered":"<p>K\u00fctahya\u2019da MHP\u2019li Belediye Meclis \u00dcyesi Hasan \u00d6ztulum\u2019un a\u011f\u0131r yaraland\u0131\u011f\u0131 trafik kazas\u0131na ili\u015fkin konu\u015fan Vali Musa I\u015f\u0131n, olay\u0131n baz\u0131 \u00e7evrelerce \u00e7arp\u0131t\u0131ld\u0131\u011f\u0131n\u0131 belirterek t\u00fcm s\u00fcrecin \u015feffaf ve hukuki \u00e7er\u00e7evede y\u00fcr\u00fct\u00fcld\u00fc\u011f\u00fcn\u00fc vurgulad\u0131. Kazaya kar\u0131\u015fan s\u00fcr\u00fcc\u00fcn\u00fcn alkoll\u00fc oldu\u011fu tespit edilirken, adli kontrol \u015fart\u0131yla serbest b\u0131rak\u0131ld\u0131\u011f\u0131 bildirildi. K\u00fctahya\u2019da 27 \u015eubat 2026 tarihinde meydana gelen ve kamuoyunda geni\u015f yank\u0131 uyand\u0131ran trafik&#8230;<\/p>\n","protected":false},"author":1,"featured_media":99843,"comment_status":"open","ping_status":"open","sticky":false,"template":"","format":"standard","meta":{"_crdt_document":"","footnotes":""},"categories":[5],"tags":[],"class_list":["post-99842","post","type-post","status-publish","format-standard","has-post-thumbnail","hentry","category-asayis"],"_links":{"self":[{"href":"https:\/\/www.egemtv.com\/index.php?rest_route=\/wp\/v2\/posts\/99842","targetHints":{"allow":["GET"]}}],"collection":[{"href":"https:\/\/www.egemtv.com\/index.php?rest_route=\/wp\/v2\/posts"}],"about":[{"href":"https:\/\/www.egemtv.com\/index.php?rest_route=\/wp\/v2\/types\/post"}],"author":[{"embeddable":true,"href":"https:\/\/www.egemtv.com\/index.php?rest_route=\/wp\/v2\/users\/1"}],"replies":[{"embeddable":true,"href":"https:\/\/www.egemtv.com\/index.php?rest_route=%2Fwp%2Fv2%2Fcomments&post=99842"}],"version-history":[{"count":1,"href":"https:\/\/www.egemtv.com\/index.php?rest_route=\/wp\/v2\/posts\/99842\/revisions"}],"predecessor-version":[{"id":99844,"href":"https:\/\/www.egemtv.com\/index.php?rest_route=\/wp\/v2\/posts\/99842\/revisions\/99844"}],"wp:featuredmedia":[{"embeddable":true,"href":"https:\/\/www.egemtv.com\/index.php?rest_route=\/wp\/v2\/media\/99843"}],"wp:attachment":[{"href":"https:\/\/www.egemtv.com\/index.php?rest_route=%2Fwp%2Fv2%2Fmedia&parent=99842"}],"wp:term":[{"taxonomy":"category","embeddable":true,"href":"https:\/\/www.egemtv.com\/index.php?rest_route=%2Fwp%2Fv2%2Fcategories&post=99842"},{"taxonomy":"post_tag","embeddable":true,"href":"https:\/\/www.egemtv.com\/index.php?rest_route=%2Fwp%2Fv2%2Ftags&post=99842"}],"curies":[{"name":"wp","href":"https:\/\/api.w.org\/{rel}","templated":true}]}}