{"id":9984,"date":"2025-01-17T14:19:29","date_gmt":"2025-01-17T11:19:29","guid":{"rendered":"https:\/\/www.egemtv.com\/?p=9984"},"modified":"2025-01-17T14:19:31","modified_gmt":"2025-01-17T11:19:31","slug":"birinci-siniflar-karne-yerine-gelisim-raporu-aldi","status":"publish","type":"post","link":"https:\/\/www.egemtv.com\/?p=9984","title":{"rendered":"Birinci s\u0131n\u0131flar karne yerine geli\u015fim raporu ald\u0131"},"content":{"rendered":"<p>Manisa genelinde 268 bin 630 \u00f6\u011frenci karne alarak yar\u0131y\u0131l tatiline girdi. E\u011fitime verilen iki haftal\u0131k ara ard\u0131ndan ikinci d\u00f6nem 3 \u015eubat tarihinde ba\u015flayacak. Bu sene birinci s\u0131n\u0131flara karne yerine ilk kez geli\u015fim raporu verildi.<br \/>\n<br \/>Manisa genelinde 1.137 okulda 268 bin 630 \u00f6\u011frenci karne al\u0131rken, 19 bin 909 \u00f6\u011fretmen de yar\u0131y\u0131l tatiline girdi. E\u011fitime verilen ara iki hafta s\u00fcrecek ve ikinci d\u00f6nem ise 3 \u015eubat tarihinde ba\u015flayacak.<br \/>\n<br \/>Manisa Valisi Vahdettin \u00d6zkan, 2024-2025 E\u011fitim-\u00d6\u011fretim Yar\u0131y\u0131l Tatili nedeniyle, \u015eehzadeler il\u00e7esindeki Karao\u011flanl\u0131 \u0130lkokulu\u2019nda ger\u00e7ekle\u015ftirilen Karne Da\u011f\u0131t\u0131m T\u00f6reni\u2019ne kat\u0131larak \u00f6\u011frencilerin karne heyecan\u0131na ortak oldu.<br \/>\n<br \/>Karne t\u00f6renine Vali Vahdettin \u00d6zkan\u2019\u0131n yan\u0131 s\u0131ra Manisa \u0130l Jandarma Komutan\u0131 Tu\u011fgeneral \u0130lhan \u015een, Vali yard\u0131mc\u0131s\u0131 Ayd\u0131n Mem\u00fck, \u0130l Milli E\u011fitim M\u00fcd\u00fcr\u00fc Mehmet U\u011furelli, \u015eehzadeler Kaymakam\u0131 Fatih Genel, \u015eehzadeler \u0130l\u00e7e Milli E\u011fitim M\u00fcd\u00fcr\u00fc Metin Gen\u00e7ay, \u0130l Milli E\u011fitim M\u00fcd\u00fcr Yard\u0131mc\u0131lar\u0131, Karao\u011flanl\u0131 \u0130lkokulu M\u00fcd\u00fcr\u00fc Murat Arpac\u0131, \u00f6\u011fretmenler ve \u00f6\u011frenciler kat\u0131ld\u0131.<br \/>\n<br \/>\u00d6\u011frencilere karnelerini veren Vali \u00d6zkan ve protokol \u00fcyeleri, s\u0131n\u0131flar\u0131 gezerek \u00f6\u011frencilere ba\u015far\u0131lar diledi ve karnelerini alan \u00f6\u011frencilere karne hediyeleri takdim etti. \u0130lkokul 1. s\u0131n\u0131f \u00f6\u011frencilerine karne yerine bu sene ilk kez \u00f6\u011frencilerin sosyal-duygusal \u00f6\u011frenme becerilerini i\u00e7eren &#8220;geli\u015fim raporu&#8221; verildi.<br \/>\n<br \/>T\u00f6ren okulun konferans salonunda devam etti. Sayg\u0131 duru\u015funda bulunulmas\u0131 ve \u0130stiklal Mar\u015f\u0131\u2019n\u0131n okunmas\u0131 ard\u0131ndan konu\u015fan Vali \u00d6zkan, karne s\u00fcrecinin \u00f6\u011frencilerin geli\u015fimlerini de\u011ferlendirmeleri i\u00e7in \u00f6nemli bir f\u0131rsat oldu\u011funu belirterek \u201cKarne, ki\u015finin mevcut durumunu analiz etmesi i\u00e7in bir f\u0131rsatt\u0131r; &#8220;Neredeyiz? Ne yapt\u0131k? Bundan sonra ne yapaca\u011f\u0131z?&#8221; gibi sorular\u0131 sormam\u0131za vesile olmal\u0131d\u0131r. Bu de\u011ferlendirmeyi hep birlikte yapmal\u0131y\u0131z. Hem anneler, babalar, karde\u015fler, \u00f6\u011fretmenler, hem de \u00f6\u011frenciler kendimize d\u00fc\u015fen g\u00f6revleri belirlemeli, bug\u00fcne kadar yapt\u0131klar\u0131m\u0131z\u0131 g\u00f6zden ge\u00e7irmeliyiz. Hangi konular\u0131 daha iyi bir \u015fekilde iyile\u015ftirmemiz gerekti\u011fini d\u00fc\u015f\u00fcnmeliyiz. Karne, bu f\u0131rsat\u0131 bize sunuyor.\u201d dedi.<\/p>\n<p>\u201cE\u011fitim, gelece\u011fe g\u00fcvenle bakmam\u0131z\u0131 sa\u011flar\u201d<br \/>\n<br \/>E\u011fitimde \u00f6\u011fretmen, veli ve \u00f6\u011frenci i\u015f birli\u011finin \u00e7ok k\u0131ymetli oldu\u011funu ifade eden Vali \u00d6zkan, \u201cGelecek d\u00f6nemlerde de \u00e7ocuklar\u0131m\u0131z\u0131n ba\u015far\u0131s\u0131 i\u00e7in \u00f6nemli olan, bireysel olarak mutlu olmam\u0131z, gelece\u011fe g\u00fcvenle bakmam\u0131z ve sosyal refah seviyemizin y\u00fckselmesidir. Bunun tam ortas\u0131nda ise e\u011fitim vard\u0131r. \u0130yi bir e\u011fitim alm\u0131\u015f olmak, e\u011fitim hizmetlerinin yayg\u0131nla\u015ft\u0131r\u0131lmas\u0131 ve etkinle\u015ftirilmesi \u00e7ok \u00f6nemlidir. Devletimiz, h\u00fck\u00fcmetimiz, \u00fclkemizin d\u00f6rt bir yan\u0131na hem fiziki altyap\u0131s\u0131 ile iyi okullar, hem bilgi teknolojileri, hem de nitelikli \u00f6\u011fretmenler istihdam ederek sizlere destek oluyor. Ama esas olan, \u00f6\u011frencilerimizin merak duygusunun te\u015fvik edilmesidir. Annelerin, babalar\u0131n e\u011fitime verdikleri destek e\u011fitimi \u00e7ok daha iyile\u015ftirmektedir. Bu destek, \u00e7ok daha s\u00fcrd\u00fcr\u00fclebilir bir e\u011fitim ortam\u0131 olu\u015fturur ve gelece\u011fe g\u00fcvenle bakmam\u0131z\u0131 sa\u011flar.\u201d \u015feklinde konu\u015ftu.<br \/>\n<br \/>\u00d6\u011frencileri ve \u00f6\u011fretmenleri tebrik eden Vali \u00d6zkan, karne g\u00fcn\u00fcn\u00fcn hay\u0131rl\u0131 ve bereketli olmas\u0131n\u0131 temenni ederek iyi tatiller diledi.<\/p>\n<p>&#8220;Ald\u0131\u011f\u0131n\u0131z karneler sadece birer sonu\u00e7 de\u011fil&#8221;<br \/>\n<br \/>Manisa genelinde 1.137 okulda 268 bin 630 \u00f6\u011frencinin \u00f6\u011frenim g\u00f6rd\u00fc\u011f\u00fcn\u00fc ve bug\u00fcn yar\u0131y\u0131l tatiline girdi\u011fini ifade eden \u0130l Milli E\u011fitim M\u00fcd\u00fcr\u00fc U\u011furelli konu\u015fmas\u0131nda, &#8220;Bir d\u00f6nemin daha sonuna geldik. Yo\u011fun bir \u00e7al\u0131\u015fma, gayret ve emekle dolu bu s\u00fcreci hep birlikte tamamlad\u0131k. \u00d6ncelikle, \u00f6\u011frencilerimizi bu g\u00fczel \u00e7abalar\u0131ndan dolay\u0131 tebrik ediyorum. Sevgili gen\u00e7ler, ald\u0131\u011f\u0131n\u0131z karneler sadece birer sonu\u00e7 de\u011fil; bu d\u00f6nemde att\u0131\u011f\u0131n\u0131z ad\u0131mlar\u0131n, g\u00f6sterdi\u011finiz gayretin ve kar\u015f\u0131la\u015ft\u0131\u011f\u0131n\u0131z zorluklarla ba\u015f etme becerinizin birer yans\u0131mas\u0131d\u0131r. \u00d6nemli olan, karnenizin size bir de\u011ferlendirme oldu\u011fu kadar, yeni hedefler belirlemek i\u00e7in de bir rehber olmas\u0131d\u0131r. De\u011ferli velilerimiz, unutmay\u0131n\u0131z ki her \u00e7ocu\u011fun karnesi kadar, hayalleri ve potansiyeli de de\u011ferlidir. Onlar\u0131 y\u00fcreklendirmek, sevmek ve desteklemek en b\u00fcy\u00fck hediyeniz olacakt\u0131r. Ve sevgili \u00f6\u011fretmen arkada\u015flar\u0131m, her biriniz bu d\u00f6nemde \u00f6\u011frencilerimiz i\u00e7in \u0131\u015f\u0131k oldunuz. Fedak\u00e2rl\u0131\u011f\u0131n\u0131z ve eme\u011finizle gelece\u011fimizi \u015fekillendiren en k\u0131ymetli ki\u015filer sizlersiniz. Hepinize \u015f\u00fckranlar\u0131m\u0131 sunuyorum. Yeni d\u00f6neme dinlenmi\u015f, yenilenmi\u015f ve daha b\u00fcy\u00fck hedeflerle ba\u015flamam\u0131z dile\u011fiyle hepinize iyi tatiller diliyorum.&#8221; ifadelerini kulland\u0131.<br \/>\n<br \/>Yap\u0131lan konu\u015fmalar\u0131n ard\u0131ndan \u00f6\u011frenciler taraf\u0131ndan i\u015faret dili e\u015fli\u011finde mini konser, \u015fiirler okunarak, halk oyunlar\u0131 g\u00f6sterisi d\u00fczenlendi. Haz\u0131rlanan program, protokol \u00fcyeleri ve aileler taraf\u0131ndan ilgi ve be\u011feniyle izlendi.<br \/>\n<br \/>Okulda ger\u00e7ekle\u015ftirilen karne da\u011f\u0131t\u0131m t\u00f6reni toplu foto\u011fraf \u00e7ekimi ile sona erdi.<br \/>\n<br \/>Karne Da\u011f\u0131t\u0131m t\u00f6reninde T\u00fcrk K\u0131z\u0131lay\u0131 Manisa \u015eube Ba\u015fkanl\u0131\u011f\u0131 taraf\u0131ndan \u00f6\u011frencilere ve t\u00f6rene kat\u0131lanlara pilav ve ayran ikram\u0131 ger\u00e7ekle\u015ftirildi.<br \/><\/p>\n","protected":false},"excerpt":{"rendered":"<p>Manisa genelinde 268 bin 630 \u00f6\u011frenci karne alarak yar\u0131y\u0131l tatiline girdi. E\u011fitime verilen iki haftal\u0131k ara ard\u0131ndan ikinci d\u00f6nem 3 \u015eubat tarihinde ba\u015flayacak. Bu sene birinci s\u0131n\u0131flara karne yerine ilk kez geli\u015fim raporu verildi. Manisa genelinde 1.137 okulda 268 bin 630 \u00f6\u011frenci karne al\u0131rken, 19 bin 909 \u00f6\u011fretmen de yar\u0131y\u0131l tatiline girdi. E\u011fitime verilen ara&#8230;<\/p>\n","protected":false},"author":1,"featured_media":9985,"comment_status":"open","ping_status":"open","sticky":false,"template":"","format":"standard","meta":{"_crdt_document":"","footnotes":""},"categories":[1],"tags":[],"class_list":["post-9984","post","type-post","status-publish","format-standard","has-post-thumbnail","hentry","category-guncel"],"_links":{"self":[{"href":"https:\/\/www.egemtv.com\/index.php?rest_route=\/wp\/v2\/posts\/9984","targetHints":{"allow":["GET"]}}],"collection":[{"href":"https:\/\/www.egemtv.com\/index.php?rest_route=\/wp\/v2\/posts"}],"about":[{"href":"https:\/\/www.egemtv.com\/index.php?rest_route=\/wp\/v2\/types\/post"}],"author":[{"embeddable":true,"href":"https:\/\/www.egemtv.com\/index.php?rest_route=\/wp\/v2\/users\/1"}],"replies":[{"embeddable":true,"href":"https:\/\/www.egemtv.com\/index.php?rest_route=%2Fwp%2Fv2%2Fcomments&post=9984"}],"version-history":[{"count":1,"href":"https:\/\/www.egemtv.com\/index.php?rest_route=\/wp\/v2\/posts\/9984\/revisions"}],"predecessor-version":[{"id":9986,"href":"https:\/\/www.egemtv.com\/index.php?rest_route=\/wp\/v2\/posts\/9984\/revisions\/9986"}],"wp:featuredmedia":[{"embeddable":true,"href":"https:\/\/www.egemtv.com\/index.php?rest_route=\/wp\/v2\/media\/9985"}],"wp:attachment":[{"href":"https:\/\/www.egemtv.com\/index.php?rest_route=%2Fwp%2Fv2%2Fmedia&parent=9984"}],"wp:term":[{"taxonomy":"category","embeddable":true,"href":"https:\/\/www.egemtv.com\/index.php?rest_route=%2Fwp%2Fv2%2Fcategories&post=9984"},{"taxonomy":"post_tag","embeddable":true,"href":"https:\/\/www.egemtv.com\/index.php?rest_route=%2Fwp%2Fv2%2Ftags&post=9984"}],"curies":[{"name":"wp","href":"https:\/\/api.w.org\/{rel}","templated":true}]}}