{"id":99839,"date":"2026-05-01T16:10:52","date_gmt":"2026-05-01T13:10:52","guid":{"rendered":"https:\/\/www.egemtv.com\/?p=99839"},"modified":"2026-05-01T16:10:54","modified_gmt":"2026-05-01T13:10:54","slug":"izmirde-1-mayis-coskuyla-kutlandi","status":"publish","type":"post","link":"https:\/\/www.egemtv.com\/?p=99839","title":{"rendered":"\u0130zmir\u2019de 1 May\u0131s co\u015fkuyla kutland\u0131"},"content":{"rendered":"<p>\u0130zmir\u2019de 1 May\u0131s Emek ve Dayan\u0131\u015fma G\u00fcn\u00fc, G\u00fcndo\u011fdu Meydan\u0131\u2019nda i\u015f\u00e7iler, sendikalar, sivil toplum kurulu\u015flar\u0131 ve on binlerce vatanda\u015f\u0131n kat\u0131l\u0131m\u0131yla co\u015fku i\u00e7inde kutland\u0131.<br \/>\n<br \/>Sabah\u0131n erken saatlerinden itibaren kentin farkl\u0131 noktalar\u0131nda toplanan gruplar, ellerinde pankartlar ve d\u00f6vizlerle y\u00fcr\u00fcy\u00fc\u015fe ge\u00e7ti. K\u0131br\u0131s \u015eehitleri Caddesi, Alsancak Liman\u0131, Basmane Meydan\u0131 ve Cumhuriyet Meydan\u0131 olmak \u00fczere d\u00f6rt ana koldan kortejler olu\u015fturan kalabal\u0131k, mar\u015flar s\u00f6yleyerek ve sloganlar atarak G\u00fcndo\u011fdu Meydan\u0131\u2019na y\u00fcr\u00fcd\u00fc. Emniyet g\u00fc\u00e7lerinin geni\u015f g\u00fcvenlik \u00f6nlemleri ald\u0131\u011f\u0131 kutlamalarda vatanda\u015flar, olu\u015fturulan polis kontrol noktalar\u0131nda yap\u0131lan \u00fcst aramas\u0131n\u0131n ard\u0131ndan alana al\u0131nd\u0131. Meydan\u0131 dolduran on binlerce ki\u015fi, renkli g\u00f6r\u00fcnt\u00fcler olu\u015fturdu. Sendika ve sivil toplum kurulu\u015fu temsilcilerinin eme\u011fin, al\u0131n terinin ve dayan\u0131\u015fman\u0131n \u00f6nemine vurgu yapt\u0131\u011f\u0131 konu\u015fmalar\u0131n ard\u0131ndan sahneye usta sanat\u00e7\u0131 Selda Ba\u011fcan \u00e7\u0131kt\u0131. Alan\u0131 dolduran kalabal\u0131k, Selda Ba\u011fcan\u2019\u0131n sevilen \u015fark\u0131lar\u0131na hep bir a\u011f\u0131zdan e\u015flik ederek, 1 May\u0131s\u2019\u0131 \u015fenlik havas\u0131nda kutlad\u0131.<br \/><\/p>\n","protected":false},"excerpt":{"rendered":"<p>\u0130zmir\u2019de 1 May\u0131s Emek ve Dayan\u0131\u015fma G\u00fcn\u00fc, G\u00fcndo\u011fdu Meydan\u0131\u2019nda i\u015f\u00e7iler, sendikalar, sivil toplum kurulu\u015flar\u0131 ve on binlerce vatanda\u015f\u0131n kat\u0131l\u0131m\u0131yla co\u015fku i\u00e7inde kutland\u0131. Sabah\u0131n erken saatlerinden itibaren kentin farkl\u0131 noktalar\u0131nda toplanan gruplar, ellerinde pankartlar ve d\u00f6vizlerle y\u00fcr\u00fcy\u00fc\u015fe ge\u00e7ti. K\u0131br\u0131s \u015eehitleri Caddesi, Alsancak Liman\u0131, Basmane Meydan\u0131 ve Cumhuriyet Meydan\u0131 olmak \u00fczere d\u00f6rt ana koldan kortejler olu\u015fturan kalabal\u0131k,&#8230;<\/p>\n","protected":false},"author":1,"featured_media":99840,"comment_status":"open","ping_status":"open","sticky":false,"template":"","format":"standard","meta":{"_crdt_document":"","footnotes":""},"categories":[1],"tags":[],"class_list":["post-99839","post","type-post","status-publish","format-standard","has-post-thumbnail","hentry","category-guncel"],"_links":{"self":[{"href":"https:\/\/www.egemtv.com\/index.php?rest_route=\/wp\/v2\/posts\/99839","targetHints":{"allow":["GET"]}}],"collection":[{"href":"https:\/\/www.egemtv.com\/index.php?rest_route=\/wp\/v2\/posts"}],"about":[{"href":"https:\/\/www.egemtv.com\/index.php?rest_route=\/wp\/v2\/types\/post"}],"author":[{"embeddable":true,"href":"https:\/\/www.egemtv.com\/index.php?rest_route=\/wp\/v2\/users\/1"}],"replies":[{"embeddable":true,"href":"https:\/\/www.egemtv.com\/index.php?rest_route=%2Fwp%2Fv2%2Fcomments&post=99839"}],"version-history":[{"count":1,"href":"https:\/\/www.egemtv.com\/index.php?rest_route=\/wp\/v2\/posts\/99839\/revisions"}],"predecessor-version":[{"id":99841,"href":"https:\/\/www.egemtv.com\/index.php?rest_route=\/wp\/v2\/posts\/99839\/revisions\/99841"}],"wp:featuredmedia":[{"embeddable":true,"href":"https:\/\/www.egemtv.com\/index.php?rest_route=\/wp\/v2\/media\/99840"}],"wp:attachment":[{"href":"https:\/\/www.egemtv.com\/index.php?rest_route=%2Fwp%2Fv2%2Fmedia&parent=99839"}],"wp:term":[{"taxonomy":"category","embeddable":true,"href":"https:\/\/www.egemtv.com\/index.php?rest_route=%2Fwp%2Fv2%2Fcategories&post=99839"},{"taxonomy":"post_tag","embeddable":true,"href":"https:\/\/www.egemtv.com\/index.php?rest_route=%2Fwp%2Fv2%2Ftags&post=99839"}],"curies":[{"name":"wp","href":"https:\/\/api.w.org\/{rel}","templated":true}]}}