{"id":99836,"date":"2026-05-01T16:10:51","date_gmt":"2026-05-01T13:10:51","guid":{"rendered":"https:\/\/www.egemtv.com\/?p=99836"},"modified":"2026-05-01T16:10:52","modified_gmt":"2026-05-01T13:10:52","slug":"usakta-1-mayis-emek-ve-dayanisma-gunu-etkinliklerle-kutlandi","status":"publish","type":"post","link":"https:\/\/www.egemtv.com\/?p=99836","title":{"rendered":"U\u015fak\u2019ta 1 May\u0131s Emek ve Dayan\u0131\u015fma G\u00fcn\u00fc etkinliklerle kutland\u0131"},"content":{"rendered":"<p>1 May\u0131s Emek ve Dayan\u0131\u015fma G\u00fcn\u00fc, yurt genelinde oldu\u011fu gibi U\u015fak\u2019ta da \u00e7e\u015fitli etkinliklerle kutland\u0131.<br \/>\n<br \/>U\u015fak Belediyesi Y\u00f6resel \u00dcr\u00fcnler \u00c7ar\u015f\u0131s\u0131 \u00f6n\u00fcnde toplanan siyasi parti ve sivil toplum \u00f6rg\u00fctleri, \u0130smetpa\u015fa Caddesi\u2019nde kortej y\u00fcr\u00fcy\u00fc\u015f\u00fc yaparak kent merkezindeki 15 Temmuz \u015eehitler Meydan\u0131\u2019na ula\u015ft\u0131. Topluluk, polis aramas\u0131n\u0131n ard\u0131ndan alana al\u0131n\u0131rken, g\u00fcvenlik \u00f6nlemleri \u00fcst seviyede tutuldu. Ellerinde T\u00fcrk bayraklar\u0131 bulunan i\u015f\u00e7iler ve aileleri, \u00e7al\u0131nan \u015fark\u0131lara e\u015flik etti. Kutlamalara siyasi parti ve sivil toplum \u00f6rg\u00fct\u00fc temsilcileri ile \u00fcyelerinin yan\u0131 s\u0131ra U\u015fak Belediye Ba\u015fkan Vekili Hatice Terekeci \u00d6zkan da kat\u0131ld\u0131.<br \/>\n<br \/>1 May\u0131s Tertip Komitesi taraf\u0131ndan \u00e7elenk sunulmas\u0131n\u0131n ard\u0131ndan sayg\u0131 duru\u015funda bulunuldu ve \u0130stiklal Mar\u015f\u0131 okundu. Daha sonra sendika ve oda temsilcileri konu\u015fma yapt\u0131.<br \/>\n<br \/>\u00d6te yandan kat\u0131l\u0131mc\u0131lar, meydanda \u00e7al\u0131nan m\u00fczik e\u015fli\u011finde halay \u00e7ekti. Program, sorunsuz bir \u015fekilde sona erdi.<br \/><\/p>\n","protected":false},"excerpt":{"rendered":"<p>1 May\u0131s Emek ve Dayan\u0131\u015fma G\u00fcn\u00fc, yurt genelinde oldu\u011fu gibi U\u015fak\u2019ta da \u00e7e\u015fitli etkinliklerle kutland\u0131. U\u015fak Belediyesi Y\u00f6resel \u00dcr\u00fcnler \u00c7ar\u015f\u0131s\u0131 \u00f6n\u00fcnde toplanan siyasi parti ve sivil toplum \u00f6rg\u00fctleri, \u0130smetpa\u015fa Caddesi\u2019nde kortej y\u00fcr\u00fcy\u00fc\u015f\u00fc yaparak kent merkezindeki 15 Temmuz \u015eehitler Meydan\u0131\u2019na ula\u015ft\u0131. Topluluk, polis aramas\u0131n\u0131n ard\u0131ndan alana al\u0131n\u0131rken, g\u00fcvenlik \u00f6nlemleri \u00fcst seviyede tutuldu. Ellerinde T\u00fcrk bayraklar\u0131 bulunan&#8230;<\/p>\n","protected":false},"author":1,"featured_media":99837,"comment_status":"open","ping_status":"open","sticky":false,"template":"","format":"standard","meta":{"_crdt_document":"","footnotes":""},"categories":[123],"tags":[],"class_list":["post-99836","post","type-post","status-publish","format-standard","has-post-thumbnail","hentry","category-gundem"],"_links":{"self":[{"href":"https:\/\/www.egemtv.com\/index.php?rest_route=\/wp\/v2\/posts\/99836","targetHints":{"allow":["GET"]}}],"collection":[{"href":"https:\/\/www.egemtv.com\/index.php?rest_route=\/wp\/v2\/posts"}],"about":[{"href":"https:\/\/www.egemtv.com\/index.php?rest_route=\/wp\/v2\/types\/post"}],"author":[{"embeddable":true,"href":"https:\/\/www.egemtv.com\/index.php?rest_route=\/wp\/v2\/users\/1"}],"replies":[{"embeddable":true,"href":"https:\/\/www.egemtv.com\/index.php?rest_route=%2Fwp%2Fv2%2Fcomments&post=99836"}],"version-history":[{"count":1,"href":"https:\/\/www.egemtv.com\/index.php?rest_route=\/wp\/v2\/posts\/99836\/revisions"}],"predecessor-version":[{"id":99838,"href":"https:\/\/www.egemtv.com\/index.php?rest_route=\/wp\/v2\/posts\/99836\/revisions\/99838"}],"wp:featuredmedia":[{"embeddable":true,"href":"https:\/\/www.egemtv.com\/index.php?rest_route=\/wp\/v2\/media\/99837"}],"wp:attachment":[{"href":"https:\/\/www.egemtv.com\/index.php?rest_route=%2Fwp%2Fv2%2Fmedia&parent=99836"}],"wp:term":[{"taxonomy":"category","embeddable":true,"href":"https:\/\/www.egemtv.com\/index.php?rest_route=%2Fwp%2Fv2%2Fcategories&post=99836"},{"taxonomy":"post_tag","embeddable":true,"href":"https:\/\/www.egemtv.com\/index.php?rest_route=%2Fwp%2Fv2%2Ftags&post=99836"}],"curies":[{"name":"wp","href":"https:\/\/api.w.org\/{rel}","templated":true}]}}