{"id":99833,"date":"2026-05-01T16:10:49","date_gmt":"2026-05-01T13:10:49","guid":{"rendered":"https:\/\/www.egemtv.com\/?p=99833"},"modified":"2026-05-01T16:10:51","modified_gmt":"2026-05-01T13:10:51","slug":"hidrellez-atesi-kulturparktan-yukselecek","status":"publish","type":"post","link":"https:\/\/www.egemtv.com\/?p=99833","title":{"rendered":"H\u0131drellez ate\u015fi K\u00fclt\u00fcrpark\u2019tan y\u00fckselecek"},"content":{"rendered":"<p>\u0130zmir B\u00fcy\u00fck\u015fehir Belediyesi, H\u0131d\u0131rellez co\u015fkusunu K\u00fclt\u00fcrpark\u2019ta ya\u015fatacak. 5 May\u0131s\u2019ta yap\u0131lacak renkli etkinlikler, bahar\u0131n enerjisini kente yayacak.<br \/>\n<br \/>\u0130zmir\u2019de bahar\u0131n habercisi H\u0131d\u0131rellez, bu y\u0131l da \u0130zmir B\u00fcy\u00fck\u015fehir Belediyesi organizasyonuyla co\u015fkulu bir programla kutlanacak. Kentin simge alanlar\u0131ndan K\u00fclt\u00fcrpark\u2019ta d\u00fczenlenecek etkinlikler, 5 May\u0131s ak\u015fam\u0131 \u0130zmirlilere unutulmaz bir bahar atmosferi ya\u015fatacak. 5 May\u0131s\u2019ta \u00e7im alanda saat 19.00\u2019da ba\u015flayacak etkinlikler, saat 23.00\u2019te H\u0131d\u0131rellez ate\u015fi etraf\u0131nda ger\u00e7ekle\u015fecek dans performans\u0131 ile son bulacak. Kutlama kapsam\u0131nda Turan Mamay \u015fefli\u011finde D\u00fcm Tek \u015eenlik Var Ritim Toplulu\u011fu konseri, \u00c7\u0131lg\u0131n Cemal Konseri ve Auraks Dans Ekibi g\u00f6sterisi, Tepecik M\u00fczisyenler Derne\u011fi ve Fulya At\u0131l konseri, Rumeli Orhan Kemal konseri d\u00fczenlenecek. Ard\u0131ndan H\u0131d\u0131rellez ate\u015fi yak\u0131lacak ve ate\u015f etraf\u0131nda Roman Ate\u015fi Dans Performans\u0131 sahnelenecek.<br \/><\/p>\n","protected":false},"excerpt":{"rendered":"<p>\u0130zmir B\u00fcy\u00fck\u015fehir Belediyesi, H\u0131d\u0131rellez co\u015fkusunu K\u00fclt\u00fcrpark\u2019ta ya\u015fatacak. 5 May\u0131s\u2019ta yap\u0131lacak renkli etkinlikler, bahar\u0131n enerjisini kente yayacak. \u0130zmir\u2019de bahar\u0131n habercisi H\u0131d\u0131rellez, bu y\u0131l da \u0130zmir B\u00fcy\u00fck\u015fehir Belediyesi organizasyonuyla co\u015fkulu bir programla kutlanacak. Kentin simge alanlar\u0131ndan K\u00fclt\u00fcrpark\u2019ta d\u00fczenlenecek etkinlikler, 5 May\u0131s ak\u015fam\u0131 \u0130zmirlilere unutulmaz bir bahar atmosferi ya\u015fatacak. 5 May\u0131s\u2019ta \u00e7im alanda saat 19.00\u2019da ba\u015flayacak etkinlikler, saat&#8230;<\/p>\n","protected":false},"author":1,"featured_media":99834,"comment_status":"open","ping_status":"open","sticky":false,"template":"","format":"standard","meta":{"_crdt_document":"","footnotes":""},"categories":[1],"tags":[],"class_list":["post-99833","post","type-post","status-publish","format-standard","has-post-thumbnail","hentry","category-guncel"],"_links":{"self":[{"href":"https:\/\/www.egemtv.com\/index.php?rest_route=\/wp\/v2\/posts\/99833","targetHints":{"allow":["GET"]}}],"collection":[{"href":"https:\/\/www.egemtv.com\/index.php?rest_route=\/wp\/v2\/posts"}],"about":[{"href":"https:\/\/www.egemtv.com\/index.php?rest_route=\/wp\/v2\/types\/post"}],"author":[{"embeddable":true,"href":"https:\/\/www.egemtv.com\/index.php?rest_route=\/wp\/v2\/users\/1"}],"replies":[{"embeddable":true,"href":"https:\/\/www.egemtv.com\/index.php?rest_route=%2Fwp%2Fv2%2Fcomments&post=99833"}],"version-history":[{"count":1,"href":"https:\/\/www.egemtv.com\/index.php?rest_route=\/wp\/v2\/posts\/99833\/revisions"}],"predecessor-version":[{"id":99835,"href":"https:\/\/www.egemtv.com\/index.php?rest_route=\/wp\/v2\/posts\/99833\/revisions\/99835"}],"wp:featuredmedia":[{"embeddable":true,"href":"https:\/\/www.egemtv.com\/index.php?rest_route=\/wp\/v2\/media\/99834"}],"wp:attachment":[{"href":"https:\/\/www.egemtv.com\/index.php?rest_route=%2Fwp%2Fv2%2Fmedia&parent=99833"}],"wp:term":[{"taxonomy":"category","embeddable":true,"href":"https:\/\/www.egemtv.com\/index.php?rest_route=%2Fwp%2Fv2%2Fcategories&post=99833"},{"taxonomy":"post_tag","embeddable":true,"href":"https:\/\/www.egemtv.com\/index.php?rest_route=%2Fwp%2Fv2%2Ftags&post=99833"}],"curies":[{"name":"wp","href":"https:\/\/api.w.org\/{rel}","templated":true}]}}