{"id":99830,"date":"2026-05-01T15:35:50","date_gmt":"2026-05-01T12:35:50","guid":{"rendered":"https:\/\/www.egemtv.com\/?p=99830"},"modified":"2026-05-01T15:35:51","modified_gmt":"2026-05-01T12:35:51","slug":"yasli-kadinin-yasadigi-2-katli-ahsap-evde-gocuk-meydana-geldi","status":"publish","type":"post","link":"https:\/\/www.egemtv.com\/?p=99830","title":{"rendered":"Ya\u015fl\u0131 kad\u0131n\u0131n ya\u015fad\u0131\u011f\u0131 2 katl\u0131 ah\u015fap evde g\u00f6\u00e7\u00fck meydana geldi"},"content":{"rendered":"<p>Afyonkarahisar\u2019\u0131n Sand\u0131kl\u0131 il\u00e7esinde 85 ya\u015f\u0131ndaki bir kad\u0131n\u0131n ya\u015fad\u0131\u011f\u0131 2 katl\u0131 ah\u015fap evde g\u00f6\u00e7\u00fck meydana geldi.<br \/>\n<br \/>Olay, Sand\u0131kl\u0131 il\u00e7esi \u00c7olak Mahallesi\u2019nde meydana geldi. Edinilen bilgilere g\u00f6re, Fadime E. (85) \u0130simli ya\u015fl\u0131 kad\u0131n 112 Acil \u00c7a\u011fr\u0131 merkezini arayarak oturdu\u011fu 2 katl\u0131 ah\u015fap evde g\u00f6\u00e7\u00fck meydana geldi\u011fini s\u00f6ylerek yard\u0131m istedi. \u0130hbar \u00fczerine b\u00f6lgeye itfaiye ve sa\u011fl\u0131k ekipleri sevk edildi. Olay yerine gelen ekipler yapt\u0131klar\u0131 incelemede evin bir odas\u0131n\u0131n cat\u0131s\u0131 ve duvarlar\u0131 ile birlikte g\u00f6\u00e7t\u00fc\u011f\u00fcn\u00fc belirledi. Ard\u0131ndan eve giren ekipler ya\u015fl\u0131 kad\u0131n\u0131n olayda yara almad\u0131\u011f\u0131n\u0131 belirledi. Ekipler ard\u0131ndan ya\u015fanabilecek olumsuzlu\u011fun \u00f6n\u00fcne ge\u00e7mesi amac\u0131yla tedbiren bo\u015faltt\u0131.<br \/>\n<br \/>Ekiplerin olay yerindeki incelemeleri devam ederken, evdeki g\u00fc\u00e7\u00fc\u011f\u00fcn neden kaynakland\u0131\u011f\u0131 ise ara\u015ft\u0131r\u0131l\u0131yor.<br \/><\/p>\n","protected":false},"excerpt":{"rendered":"<p>Afyonkarahisar\u2019\u0131n Sand\u0131kl\u0131 il\u00e7esinde 85 ya\u015f\u0131ndaki bir kad\u0131n\u0131n ya\u015fad\u0131\u011f\u0131 2 katl\u0131 ah\u015fap evde g\u00f6\u00e7\u00fck meydana geldi. Olay, Sand\u0131kl\u0131 il\u00e7esi \u00c7olak Mahallesi\u2019nde meydana geldi. Edinilen bilgilere g\u00f6re, Fadime E. (85) \u0130simli ya\u015fl\u0131 kad\u0131n 112 Acil \u00c7a\u011fr\u0131 merkezini arayarak oturdu\u011fu 2 katl\u0131 ah\u015fap evde g\u00f6\u00e7\u00fck meydana geldi\u011fini s\u00f6ylerek yard\u0131m istedi. \u0130hbar \u00fczerine b\u00f6lgeye itfaiye ve sa\u011fl\u0131k ekipleri sevk&#8230;<\/p>\n","protected":false},"author":1,"featured_media":99831,"comment_status":"open","ping_status":"open","sticky":false,"template":"","format":"standard","meta":{"_crdt_document":"","footnotes":""},"categories":[5],"tags":[],"class_list":["post-99830","post","type-post","status-publish","format-standard","has-post-thumbnail","hentry","category-asayis"],"_links":{"self":[{"href":"https:\/\/www.egemtv.com\/index.php?rest_route=\/wp\/v2\/posts\/99830","targetHints":{"allow":["GET"]}}],"collection":[{"href":"https:\/\/www.egemtv.com\/index.php?rest_route=\/wp\/v2\/posts"}],"about":[{"href":"https:\/\/www.egemtv.com\/index.php?rest_route=\/wp\/v2\/types\/post"}],"author":[{"embeddable":true,"href":"https:\/\/www.egemtv.com\/index.php?rest_route=\/wp\/v2\/users\/1"}],"replies":[{"embeddable":true,"href":"https:\/\/www.egemtv.com\/index.php?rest_route=%2Fwp%2Fv2%2Fcomments&post=99830"}],"version-history":[{"count":1,"href":"https:\/\/www.egemtv.com\/index.php?rest_route=\/wp\/v2\/posts\/99830\/revisions"}],"predecessor-version":[{"id":99832,"href":"https:\/\/www.egemtv.com\/index.php?rest_route=\/wp\/v2\/posts\/99830\/revisions\/99832"}],"wp:featuredmedia":[{"embeddable":true,"href":"https:\/\/www.egemtv.com\/index.php?rest_route=\/wp\/v2\/media\/99831"}],"wp:attachment":[{"href":"https:\/\/www.egemtv.com\/index.php?rest_route=%2Fwp%2Fv2%2Fmedia&parent=99830"}],"wp:term":[{"taxonomy":"category","embeddable":true,"href":"https:\/\/www.egemtv.com\/index.php?rest_route=%2Fwp%2Fv2%2Fcategories&post=99830"},{"taxonomy":"post_tag","embeddable":true,"href":"https:\/\/www.egemtv.com\/index.php?rest_route=%2Fwp%2Fv2%2Ftags&post=99830"}],"curies":[{"name":"wp","href":"https:\/\/api.w.org\/{rel}","templated":true}]}}