{"id":99827,"date":"2026-05-01T15:00:58","date_gmt":"2026-05-01T12:00:58","guid":{"rendered":"https:\/\/www.egemtv.com\/?p=99827"},"modified":"2026-05-01T15:00:59","modified_gmt":"2026-05-01T12:00:59","slug":"kizini-ameliyat-masasinda-kaybeden-babanin-tabuttaki-evladina-son-bakisi","status":"publish","type":"post","link":"https:\/\/www.egemtv.com\/?p=99827","title":{"rendered":"K\u0131z\u0131n\u0131 ameliyat masas\u0131nda kaybeden baban\u0131n tabuttaki evlad\u0131na son bak\u0131\u015f\u0131"},"content":{"rendered":"<p>\u0130zmir\u2019de burun esteti\u011fi ameliyat\u0131 s\u0131ras\u0131nda fenala\u015farak hayat\u0131n\u0131 kaybeden 23 ya\u015f\u0131ndaki Hatice \u00d6nc\u00fc, g\u00f6zya\u015flar\u0131 aras\u0131nda son yolculu\u011funa u\u011furland\u0131. Gen\u00e7 k\u0131z\u0131n tabutuna gelinlik ve duvak \u00f6rt\u00fcl\u00fcrken, ac\u0131l\u0131 baba k\u0131z\u0131n\u0131n tabutunun ba\u015f\u0131ndan dakikalarca ayr\u0131lamad\u0131.<br \/>\n<br \/>\u0130zmir\u2019de ya\u015fayan 23 ya\u015f\u0131ndaki Hatice \u00d6nc\u00fc, 22 Nisan tarihinde \u00c7i\u011fli il\u00e7esindeki \u00f6zel bir hastaneye burun esteti\u011fi ameliyat\u0131 olmak i\u00e7in ba\u015fvurmu\u015ftu. \u0130ddiaya g\u00f6re ameliyat s\u0131ras\u0131nda fenala\u015fan gen\u00e7 k\u0131z, ayn\u0131 hastanenin yo\u011fun bak\u0131m servisinde tedaviye al\u0131nm\u0131\u015ft\u0131. Durumunun k\u00f6t\u00fcye gitmesi \u00fczerine ertesi g\u00fcn \u0130zmir \u015eehir Hastanesi\u2019ne sevk edilen \u00d6nc\u00fc, burada doktorlar\u0131n t\u00fcm m\u00fcdahalelerine ra\u011fmen kurtar\u0131lamam\u0131\u015ft\u0131. Ailesi, k\u0131zlar\u0131n\u0131n vefat\u0131n\u0131n ard\u0131ndan ameliyat\u0131n yap\u0131ld\u0131\u011f\u0131 hastane ve doktorlar hakk\u0131nda savc\u0131l\u0131\u011fa su\u00e7 duyurusunda bulunurken, \u0130zmir \u0130l Sa\u011fl\u0131k M\u00fcd\u00fcrl\u00fc\u011f\u00fc olayla ilgili geni\u015f \u00e7apl\u0131 inceleme ba\u015flatm\u0131\u015ft\u0131. Hatice \u00d6nc\u00fc\u2019n\u00fcn \u0130zmir Adli T\u0131p Kurumundaki otopsi i\u015flemleri tamamland\u0131. Yak\u0131nlar\u0131 taraf\u0131ndan teslim al\u0131nan gen\u00e7 k\u0131z\u0131n cenazesi, Basmane \u00c7orakkap\u0131 Camii\u2019ne getirildi.<\/p>\n<p>Tabuta gelinlik ve duvak \u00f6rt\u00fcld\u00fc<br \/>\n<br \/>Cuma namaz\u0131n\u0131 m\u00fcteakip k\u0131l\u0131nan cenaze namaz\u0131nda g\u00f6zya\u015flar\u0131 sel oldu. Gen\u00e7 ya\u015fta hayat\u0131n\u0131 kaybeden Hatice\u2019nin tabutunun \u00fczerine beyaz duvak ve gelinlik \u00f6rt\u00fcld\u00fc. T\u00f6rene; anne Remziye Kanak, baba \u0130brahim \u00d6nc\u00fc, k\u0131z karde\u015fi Esma Nur \u00d6nc\u00fc, erkek karde\u015fleri B\u00fcnyamin ve Halil \u00d6nc\u00fc, dedesi Mehmet Mahsun Kanak, amcas\u0131 Nurettin \u00d6nc\u00fc ile \u00e7ok say\u0131da seveni ve vatanda\u015f kat\u0131ld\u0131.<\/p>\n<p>Baban\u0131n en ac\u0131 an\u0131<br \/>\n<br \/>Cenaze t\u00f6reninde ailesinin ayakta durmakta g\u00fc\u00e7l\u00fck \u00e7ekti\u011fi g\u00f6r\u00fcld\u00fc. Baba \u0130brahim \u00d6nc\u00fc ve gen\u00e7 k\u0131z\u0131n karde\u015fleri, gelinlik \u00f6rt\u00fcl\u00fc tabuta sar\u0131larak uzun s\u00fcre g\u00f6zya\u015f\u0131 d\u00f6kt\u00fc. Dakikalarca k\u0131z\u0131n\u0131n tabutunun ba\u015f\u0131ndan ayr\u0131lamayan ve s\u00fcrekli a\u011flayan ac\u0131l\u0131 baba \u0130brahim \u00d6nc\u00fc\u2019n\u00fcn en ac\u0131 anlar\u0131 y\u00fcrekleri da\u011flad\u0131. G\u00f6z\u00fc ya\u015fl\u0131 babay\u0131, yak\u0131nlar\u0131 teselli etmeye \u00e7al\u0131\u015ft\u0131. K\u0131l\u0131nan namaz\u0131n ve al\u0131nan helalli\u011fin ard\u0131ndan Hatice \u00d6nc\u00fc\u2019n\u00fcn cenazesi defnedilmek \u00fczere Kemalpa\u015fa Ans\u0131zca Mezarl\u0131\u011f\u0131\u2019na g\u00f6t\u00fcr\u00fcld\u00fc.<br \/><\/p>\n","protected":false},"excerpt":{"rendered":"<p>\u0130zmir\u2019de burun esteti\u011fi ameliyat\u0131 s\u0131ras\u0131nda fenala\u015farak hayat\u0131n\u0131 kaybeden 23 ya\u015f\u0131ndaki Hatice \u00d6nc\u00fc, g\u00f6zya\u015flar\u0131 aras\u0131nda son yolculu\u011funa u\u011furland\u0131. Gen\u00e7 k\u0131z\u0131n tabutuna gelinlik ve duvak \u00f6rt\u00fcl\u00fcrken, ac\u0131l\u0131 baba k\u0131z\u0131n\u0131n tabutunun ba\u015f\u0131ndan dakikalarca ayr\u0131lamad\u0131. \u0130zmir\u2019de ya\u015fayan 23 ya\u015f\u0131ndaki Hatice \u00d6nc\u00fc, 22 Nisan tarihinde \u00c7i\u011fli il\u00e7esindeki \u00f6zel bir hastaneye burun esteti\u011fi ameliyat\u0131 olmak i\u00e7in ba\u015fvurmu\u015ftu. \u0130ddiaya g\u00f6re ameliyat s\u0131ras\u0131nda&#8230;<\/p>\n","protected":false},"author":1,"featured_media":99828,"comment_status":"open","ping_status":"open","sticky":false,"template":"","format":"standard","meta":{"_crdt_document":"","footnotes":""},"categories":[5],"tags":[],"class_list":["post-99827","post","type-post","status-publish","format-standard","has-post-thumbnail","hentry","category-asayis"],"_links":{"self":[{"href":"https:\/\/www.egemtv.com\/index.php?rest_route=\/wp\/v2\/posts\/99827","targetHints":{"allow":["GET"]}}],"collection":[{"href":"https:\/\/www.egemtv.com\/index.php?rest_route=\/wp\/v2\/posts"}],"about":[{"href":"https:\/\/www.egemtv.com\/index.php?rest_route=\/wp\/v2\/types\/post"}],"author":[{"embeddable":true,"href":"https:\/\/www.egemtv.com\/index.php?rest_route=\/wp\/v2\/users\/1"}],"replies":[{"embeddable":true,"href":"https:\/\/www.egemtv.com\/index.php?rest_route=%2Fwp%2Fv2%2Fcomments&post=99827"}],"version-history":[{"count":1,"href":"https:\/\/www.egemtv.com\/index.php?rest_route=\/wp\/v2\/posts\/99827\/revisions"}],"predecessor-version":[{"id":99829,"href":"https:\/\/www.egemtv.com\/index.php?rest_route=\/wp\/v2\/posts\/99827\/revisions\/99829"}],"wp:featuredmedia":[{"embeddable":true,"href":"https:\/\/www.egemtv.com\/index.php?rest_route=\/wp\/v2\/media\/99828"}],"wp:attachment":[{"href":"https:\/\/www.egemtv.com\/index.php?rest_route=%2Fwp%2Fv2%2Fmedia&parent=99827"}],"wp:term":[{"taxonomy":"category","embeddable":true,"href":"https:\/\/www.egemtv.com\/index.php?rest_route=%2Fwp%2Fv2%2Fcategories&post=99827"},{"taxonomy":"post_tag","embeddable":true,"href":"https:\/\/www.egemtv.com\/index.php?rest_route=%2Fwp%2Fv2%2Ftags&post=99827"}],"curies":[{"name":"wp","href":"https:\/\/api.w.org\/{rel}","templated":true}]}}