{"id":99824,"date":"2026-05-01T14:25:50","date_gmt":"2026-05-01T11:25:50","guid":{"rendered":"https:\/\/www.egemtv.com\/?p=99824"},"modified":"2026-05-01T14:25:51","modified_gmt":"2026-05-01T11:25:51","slug":"milas-veteriner-fakultesi-17-universiteden-250-ogrenciyi-agirladi","status":"publish","type":"post","link":"https:\/\/www.egemtv.com\/?p=99824","title":{"rendered":"Milas Veteriner Fak\u00fcltesi 17 \u00dcniversiteden 250 \u00f6\u011frenciyi a\u011f\u0131rlad\u0131"},"content":{"rendered":"<p>Mu\u011fla S\u0131tk\u0131 Ko\u00e7man \u00dcniversitesi Milas Veteriner Fak\u00fcltesi ev sahipli\u011finde, IVSA Mu\u011fla taraf\u0131ndan d\u00fczenlenen VETWISE\u201926 I. Ulusal \u00d6\u011frenci Kongresi, MSK\u00dc Atat\u00fcrk K\u00fclt\u00fcr Merkezi\u2019nde yap\u0131ld\u0131. 28-30 Nisan tarihleri aras\u0131nda ger\u00e7ekle\u015ftirilen kongre, IVSA Mu\u011fla\u2019n\u0131n ilk ulusal \u00f6\u011frenci kongresi olma \u00f6zelli\u011fini ta\u015f\u0131d\u0131.<br \/>\n<br \/>T\u00fcrkiye\u2019nin 17 \u00fcniversitesinden gelen veteriner fak\u00fcltesi \u00f6\u011frencilerini bulu\u015fturan kongre; \u2018Mu\u011fla Gen\u00e7lik Y\u0131l\u0131\u2019 vizyonu ve D\u00fcnya Veteriner Hekimler G\u00fcn\u00fc kapsam\u0131nda \u00f6nemli bir bilimsel platform olu\u015fturdu. Cerrahi, dahiliye, yaban hayat\u0131, sucul hayvan hastal\u0131klar\u0131, ar\u0131c\u0131l\u0131k, klinik uygulamalar ve sekt\u00f6r bulu\u015fmalar\u0131n\u0131 kapsayan oturumlar ve workshoplar d\u00fczenlendi.<br \/>\n<br \/>A\u00e7\u0131l\u0131\u015fta konu\u015fan MSK\u00dc Rekt\u00f6r\u00fc Prof. Dr. Turhan Ka\u00e7ar, kongrenin yaln\u0131zca bir \u00f6\u011frenci etkinli\u011fi de\u011fil, gen\u00e7lerin bilimsel \u00fcretim ve mesleki geli\u015fime kat\u0131l\u0131m\u0131n\u0131 g\u00f6steren \u00f6nemli bir organizasyon oldu\u011funu vurgulad\u0131. Etkinli\u011fin, \u00f6\u011frencilerin akademi ve sekt\u00f6rle do\u011frudan temas kurmas\u0131na katk\u0131 sa\u011flad\u0131\u011f\u0131n\u0131 belirtti.<br \/>\n<br \/>Milas Veteriner Fak\u00fcltesi Dekan\u0131 Prof. Dr. Artay Ya\u011fc\u0131 ise veteriner hekimli\u011fin hayvan sa\u011fl\u0131\u011f\u0131n\u0131n \u00f6tesinde insan sa\u011fl\u0131\u011f\u0131, \u00e7evre, g\u0131da g\u00fcvenli\u011fi ve biyoteknolojiyle do\u011frudan ili\u015fkili geni\u015f bir alan oldu\u011funu ifade etti. Tek sa\u011fl\u0131k yakla\u015f\u0131m\u0131n\u0131n \u00f6nemine dikkat \u00e7eken Ya\u011fc\u0131, gelecekte salg\u0131n hastal\u0131klarla m\u00fccadelede ve ekosistemin korunmas\u0131nda veteriner hekimlerin kritik rol \u00fcstlenece\u011fini belirtti.<br \/>\n<br \/>Mu\u011fla\u2019n\u0131n ar\u0131c\u0131l\u0131k, \u00e7am bal\u0131, su \u00fcr\u00fcnleri ve hayvanc\u0131l\u0131k a\u00e7\u0131s\u0131ndan g\u00fc\u00e7l\u00fc bir potansiyele sahip oldu\u011funu vurgulayan Ya\u011fc\u0131, iklim de\u011fi\u015fikli\u011fi ve hastal\u0131klar gibi sorunlara bilimsel \u00e7\u00f6z\u00fcmler \u00fcretilmesi gerekti\u011fini s\u00f6yledi. Kongrenin, teorik bilginin \u00f6tesinde tart\u0131\u015fma ortam\u0131 sunaca\u011f\u0131n\u0131 ifade etti.<br \/>\n<br \/>IVSA Mu\u011fla Koordinat\u00f6r\u00fc Dr. \u00d6\u011fretim \u00dcyesi Neslihan S\u00fcrsal \u015eim\u015fek de kongrenin D\u00fcnya Veteriner Hekimler G\u00fcn\u00fc ile ayn\u0131 d\u00f6nemde d\u00fczenlenmesinin anlam\u0131na dikkat \u00e7ekti. Veteriner hekimli\u011fin zoonozlardan g\u0131da g\u00fcvenli\u011fine kadar geni\u015f bir sorumluluk alan\u0131na sahip oldu\u011funu belirterek, mesle\u011fin Tek Sa\u011fl\u0131k yakla\u015f\u0131m\u0131ndaki temel rol\u00fcn\u00fc vurgulad\u0131.<br \/>\n<br \/>Farkl\u0131 \u00fcniversitelerden \u00f6\u011frencilerin bir araya gelmesinin mesleki dayan\u0131\u015fma a\u00e7\u0131s\u0131ndan \u00f6nemli oldu\u011funu ifade eden \u015eim\u015fek, kongrenin bilim, i\u015f birli\u011fi ve gen\u00e7lik enerjisini bulu\u015fturan bir platform oldu\u011funu s\u00f6yledi. Organizasyona katk\u0131 sa\u011flayan t\u00fcm payda\u015flara te\u015fekk\u00fcr etti.<br \/>\n<br \/>\u00dc\u00e7 g\u00fcn s\u00fcren kongreye, akademisyenler ve sekt\u00f6r temsilcilerinin yan\u0131 s\u0131ra Mu\u011fla \u0130l Milli E\u011fitim M\u00fcd\u00fcr\u00fc Emre \u00c7ay, Mu\u011fla \u0130l Tar\u0131m Orman M\u00fcd\u00fcr Yard\u0131mc\u0131s\u0131 Dr. Song\u00fcl Topal, Mu\u011fla Valili\u011fi Proje Koordinat\u00f6r\u00fc Dr. Ahmet Esen, Mu\u011fla Ticaret Borsas\u0131 Y\u00f6netim Kurulu Ba\u015fkan\u0131 Hur\u015fit \u00d6zt\u00fcrk, Mu\u011fla S\u0131tk\u0131 Ko\u00e7man \u00dcniversitesi Sa\u011fl\u0131k K\u00fclt\u00fcr Spor Daire Ba\u015fkan\u0131 \u015eamil T\u00fcrkay Akt\u00fcrk kat\u0131ld\u0131lar. Kongre boyunca ger\u00e7ekle\u015fen oturumlar ve uygulamal\u0131 workshoplar ile \u00f6\u011frencilerin bilimsel vizyonunun g\u00fc\u00e7lendirmesi ve mesleki fark\u0131ndal\u0131klar\u0131n\u0131n artmas\u0131 hedeflendi.<br \/><\/p>\n","protected":false},"excerpt":{"rendered":"<p>Mu\u011fla S\u0131tk\u0131 Ko\u00e7man \u00dcniversitesi Milas Veteriner Fak\u00fcltesi ev sahipli\u011finde, IVSA Mu\u011fla taraf\u0131ndan d\u00fczenlenen VETWISE\u201926 I. Ulusal \u00d6\u011frenci Kongresi, MSK\u00dc Atat\u00fcrk K\u00fclt\u00fcr Merkezi\u2019nde yap\u0131ld\u0131. 28-30 Nisan tarihleri aras\u0131nda ger\u00e7ekle\u015ftirilen kongre, IVSA Mu\u011fla\u2019n\u0131n ilk ulusal \u00f6\u011frenci kongresi olma \u00f6zelli\u011fini ta\u015f\u0131d\u0131. T\u00fcrkiye\u2019nin 17 \u00fcniversitesinden gelen veteriner fak\u00fcltesi \u00f6\u011frencilerini bulu\u015fturan kongre; \u2018Mu\u011fla Gen\u00e7lik Y\u0131l\u0131\u2019 vizyonu ve D\u00fcnya Veteriner Hekimler&#8230;<\/p>\n","protected":false},"author":1,"featured_media":99825,"comment_status":"open","ping_status":"open","sticky":false,"template":"","format":"standard","meta":{"_crdt_document":"","footnotes":""},"categories":[2],"tags":[],"class_list":["post-99824","post","type-post","status-publish","format-standard","has-post-thumbnail","hentry","category-saglik"],"_links":{"self":[{"href":"https:\/\/www.egemtv.com\/index.php?rest_route=\/wp\/v2\/posts\/99824","targetHints":{"allow":["GET"]}}],"collection":[{"href":"https:\/\/www.egemtv.com\/index.php?rest_route=\/wp\/v2\/posts"}],"about":[{"href":"https:\/\/www.egemtv.com\/index.php?rest_route=\/wp\/v2\/types\/post"}],"author":[{"embeddable":true,"href":"https:\/\/www.egemtv.com\/index.php?rest_route=\/wp\/v2\/users\/1"}],"replies":[{"embeddable":true,"href":"https:\/\/www.egemtv.com\/index.php?rest_route=%2Fwp%2Fv2%2Fcomments&post=99824"}],"version-history":[{"count":1,"href":"https:\/\/www.egemtv.com\/index.php?rest_route=\/wp\/v2\/posts\/99824\/revisions"}],"predecessor-version":[{"id":99826,"href":"https:\/\/www.egemtv.com\/index.php?rest_route=\/wp\/v2\/posts\/99824\/revisions\/99826"}],"wp:featuredmedia":[{"embeddable":true,"href":"https:\/\/www.egemtv.com\/index.php?rest_route=\/wp\/v2\/media\/99825"}],"wp:attachment":[{"href":"https:\/\/www.egemtv.com\/index.php?rest_route=%2Fwp%2Fv2%2Fmedia&parent=99824"}],"wp:term":[{"taxonomy":"category","embeddable":true,"href":"https:\/\/www.egemtv.com\/index.php?rest_route=%2Fwp%2Fv2%2Fcategories&post=99824"},{"taxonomy":"post_tag","embeddable":true,"href":"https:\/\/www.egemtv.com\/index.php?rest_route=%2Fwp%2Fv2%2Ftags&post=99824"}],"curies":[{"name":"wp","href":"https:\/\/api.w.org\/{rel}","templated":true}]}}