{"id":99821,"date":"2026-05-01T14:25:49","date_gmt":"2026-05-01T11:25:49","guid":{"rendered":"https:\/\/www.egemtv.com\/?p=99821"},"modified":"2026-05-01T14:25:50","modified_gmt":"2026-05-01T11:25:50","slug":"aliagada-1-mayis-kutlandi","status":"publish","type":"post","link":"https:\/\/www.egemtv.com\/?p=99821","title":{"rendered":"Alia\u011fa\u2019da 1 May\u0131s kutland\u0131"},"content":{"rendered":"<p>Alia\u011fa\u2019da 1 May\u0131s Emek ve Dayan\u0131\u015fma G\u00fcn\u00fc, ya\u011fmurlu havaya ra\u011fmen yo\u011fun kat\u0131l\u0131mla kutland\u0131.<br \/>\n<br \/>Alia\u011fa Emek ve Demokrasi Platformu taraf\u0131ndan organize edilen kutlamalarda Alia\u011fa Petrol \u0130\u015f Sendikas\u0131 \u00f6n\u00fcnde bir araya gelen i\u015f\u00e7iler, sendikalar, siyasi partiler ve sivil toplum kurulu\u015flar\u0131, Atat\u00fcrk Caddesi\u2019nden Barbaros ve \u0130stiklal caddelerini takip ederek Demokrasi Meydan\u0131\u2019na kadar y\u00fcr\u00fcd\u00fc. Y\u00fcr\u00fcy\u00fc\u015f s\u0131ras\u0131nda ellerinde flama, bayrak ve afi\u015fler ta\u015f\u0131yan i\u015f\u00e7ilere vatanda\u015flar evlerinin balkonlar\u0131ndan, esnaflar i\u015f yerlerinin \u00f6n\u00fcnden alk\u0131\u015flar\u0131yla destek verdi.<br \/>\n<br \/>Demokrasi Meydan\u0131\u2019nda d\u00fczenlenen programda konu\u015fan Petrol-\u0130\u015f Alia\u011fa \u015eube Ba\u015fkan\u0131 Hasan Toptan, &#8220;Al\u0131n teri d\u00f6kerek bu \u00fclkenin t\u00fcm de\u011ferlerini ve t\u00fcm g\u00fczelliklerini \u00fcretenler; i\u015f\u00e7iler, memurlar, emekliler, i\u015fsizler, kad\u0131nlar, gen\u00e7ler, k\u00fc\u00e7\u00fck esnaf ve eme\u011fin en y\u00fcce de\u011fer oldu\u011funa inananlar, insanca bir ya\u015fam ve g\u00fczel bir gelecek isteyenler, e\u015fitlikten ve adaletten yana olanlar, 1 May\u0131s \u0130\u015f\u00e7i Bayram\u0131, 1 May\u0131s Birlik, M\u00fccadele ve Dayan\u0131\u015fma G\u00fcn\u00fcm\u00fcz kutlu olsun. Bug\u00fcn burada s\u00f6m\u00fcr\u00fcn\u00fcn, a\u00e7l\u0131\u011f\u0131n, yoksullu\u011fun ve bask\u0131n\u0131n olmad\u0131\u011f\u0131, insanca bir d\u00fcnya \u00f6zlemiyle bir araya geldik. \u0130\u015f yerlerinde insan onuruna yak\u0131\u015f\u0131r \u00e7al\u0131\u015fma \u015fartlar\u0131n\u0131 savunmak i\u00e7in burada topland\u0131k. D\u00fcnyada sava\u015f ve y\u0131k\u0131m devam ediyor. Emperyalist ABD ve siyonist \u0130srail, Filistin, Suriye ve L\u00fcbnan\u2019dan sonra \u015fimdi \u0130ran\u2019a sald\u0131r\u0131yor. Tekellerin k\u00e2rlar\u0131 i\u00e7in halklar\u0131n gelece\u011fini karart\u0131yorlar, enerji kaynaklar\u0131na el koymaya \u00e7al\u0131\u015f\u0131yorlar. Akan kan ve g\u00f6zya\u015f\u0131n\u0131 umursad\u0131klar\u0131 yok. B\u00f6lgemizde emperyalist sald\u0131r\u0131lar\u0131 lanetliyoruz. Emek\u00e7iler olarak bar\u0131\u015ftan taraf oldu\u011fumuzu bir kez daha vurguluyoruz. O nedenle sadece \u00fclkemizde de\u011fil, d\u00fcnyadaki t\u00fcm emek\u00e7iler gibi bug\u00fcn s\u00f6m\u00fcr\u00fc ve zulme kar\u015f\u0131 sesimizi burada, Ege\u2019nin en \u00f6nemli i\u015f\u00e7i kenti olan Alia\u011fa\u2019da y\u00fckseltiyoruz&#8221; ifadelerini kulland\u0131.<br \/>\n<br \/>Konu\u015fmas\u0131nda k\u0131dem tazminat\u0131 hakk\u0131n\u0131n korunmas\u0131 gerekti\u011fini vurgulayan Toptan, &#8220;Tamamlay\u0131c\u0131 Emeklilik Sistemi&#8221; ile ilgili giri\u015fimlere kar\u015f\u0131 duracaklar\u0131n\u0131 ifade etti. \u00c7ocuk i\u015f\u00e7ili\u011fi, i\u015f cinayetleri ve sendikal \u00f6rg\u00fctlenmenin \u00f6n\u00fcndeki engellere de de\u011finen Toptan, g\u00fcvenli ve g\u00fcvenceli \u00e7al\u0131\u015fma ortam\u0131 talep ettiklerini s\u00f6zlerine ekledi.<br \/>\n<br \/>Bas\u0131n a\u00e7\u0131klamas\u0131n\u0131n ard\u0131ndan halaylar \u00e7eken i\u015f\u00e7iler, daha sonra olays\u0131z \u015fekilde da\u011f\u0131ld\u0131.<br \/><\/p>\n","protected":false},"excerpt":{"rendered":"<p>Alia\u011fa\u2019da 1 May\u0131s Emek ve Dayan\u0131\u015fma G\u00fcn\u00fc, ya\u011fmurlu havaya ra\u011fmen yo\u011fun kat\u0131l\u0131mla kutland\u0131. Alia\u011fa Emek ve Demokrasi Platformu taraf\u0131ndan organize edilen kutlamalarda Alia\u011fa Petrol \u0130\u015f Sendikas\u0131 \u00f6n\u00fcnde bir araya gelen i\u015f\u00e7iler, sendikalar, siyasi partiler ve sivil toplum kurulu\u015flar\u0131, Atat\u00fcrk Caddesi\u2019nden Barbaros ve \u0130stiklal caddelerini takip ederek Demokrasi Meydan\u0131\u2019na kadar y\u00fcr\u00fcd\u00fc. Y\u00fcr\u00fcy\u00fc\u015f s\u0131ras\u0131nda ellerinde flama, bayrak&#8230;<\/p>\n","protected":false},"author":1,"featured_media":99822,"comment_status":"open","ping_status":"open","sticky":false,"template":"","format":"standard","meta":{"_crdt_document":"","footnotes":""},"categories":[1],"tags":[],"class_list":["post-99821","post","type-post","status-publish","format-standard","has-post-thumbnail","hentry","category-guncel"],"_links":{"self":[{"href":"https:\/\/www.egemtv.com\/index.php?rest_route=\/wp\/v2\/posts\/99821","targetHints":{"allow":["GET"]}}],"collection":[{"href":"https:\/\/www.egemtv.com\/index.php?rest_route=\/wp\/v2\/posts"}],"about":[{"href":"https:\/\/www.egemtv.com\/index.php?rest_route=\/wp\/v2\/types\/post"}],"author":[{"embeddable":true,"href":"https:\/\/www.egemtv.com\/index.php?rest_route=\/wp\/v2\/users\/1"}],"replies":[{"embeddable":true,"href":"https:\/\/www.egemtv.com\/index.php?rest_route=%2Fwp%2Fv2%2Fcomments&post=99821"}],"version-history":[{"count":1,"href":"https:\/\/www.egemtv.com\/index.php?rest_route=\/wp\/v2\/posts\/99821\/revisions"}],"predecessor-version":[{"id":99823,"href":"https:\/\/www.egemtv.com\/index.php?rest_route=\/wp\/v2\/posts\/99821\/revisions\/99823"}],"wp:featuredmedia":[{"embeddable":true,"href":"https:\/\/www.egemtv.com\/index.php?rest_route=\/wp\/v2\/media\/99822"}],"wp:attachment":[{"href":"https:\/\/www.egemtv.com\/index.php?rest_route=%2Fwp%2Fv2%2Fmedia&parent=99821"}],"wp:term":[{"taxonomy":"category","embeddable":true,"href":"https:\/\/www.egemtv.com\/index.php?rest_route=%2Fwp%2Fv2%2Fcategories&post=99821"},{"taxonomy":"post_tag","embeddable":true,"href":"https:\/\/www.egemtv.com\/index.php?rest_route=%2Fwp%2Fv2%2Ftags&post=99821"}],"curies":[{"name":"wp","href":"https:\/\/api.w.org\/{rel}","templated":true}]}}