{"id":99818,"date":"2026-05-01T13:50:47","date_gmt":"2026-05-01T10:50:47","guid":{"rendered":"https:\/\/www.egemtv.com\/?p=99818"},"modified":"2026-05-01T13:50:48","modified_gmt":"2026-05-01T10:50:48","slug":"olumle-biten-silahli-kavganin-suphelileri-adliyeye-sevk-edildi","status":"publish","type":"post","link":"https:\/\/www.egemtv.com\/?p=99818","title":{"rendered":"\u00d6l\u00fcmle biten silahl\u0131 kavgan\u0131n \u015f\u00fcphelileri adliyeye sevk edildi"},"content":{"rendered":"<p>Ayd\u0131n\u2019\u0131n Efeler il\u00e7esinde meydana gelen ve bir ki\u015finin hayat\u0131n\u0131 kaybetti\u011fi silahl\u0131 kavga olay\u0131 ile ilgili teslim olan 3 \u015f\u00fcpheli emniyetteki i\u015flemlerinin ard\u0131ndan adliyeye sevk edildi.<br \/>\n<br \/>Olay, Mu\u011fla Bulvar\u0131 \u00fczerinde 29 Nisan Per\u015fembe g\u00fcn\u00fc meydana geldi. Edinilen bilgiye g\u00f6re, iki grup aras\u0131nda hen\u00fcz bilinmeyen bir nedenle tart\u0131\u015fma \u00e7\u0131kt\u0131. Tart\u0131\u015fman\u0131n kavgaya d\u00f6n\u00fc\u015fmesi \u00fczerine ya\u015fanan arbedede ate\u015flenen silahtan \u00e7\u0131kan kur\u015funlar\u0131n hedefi olan \u00d6mer \u0130ncekaya (36) olay yerinde hayat\u0131n\u0131 kaybetti. Yap\u0131lan ihbar \u00fczerine b\u00f6lgeye polis ve sa\u011fl\u0131k ekipleri sevk edildi. Hayat\u0131n\u0131 kaybeden \u0130ncekaya\u2019n\u0131n cans\u0131z bedeni hastane morguna kald\u0131r\u0131ld\u0131. Polis, cinayet \u015f\u00fcphelilerin yakalanmas\u0131 i\u00e7in \u00e7al\u0131\u015fma ger\u00e7ekle\u015ftirirken cinayet \u015f\u00fcphelisi O.D. (25), B.D. (23) ve S.E.B. (17) emniyete giderek teslim oldu. Emniyetteki i\u015flemleri tamamlanan 3 \u015f\u00fcpheli adliyeye sevk edildi.<br \/><\/p>\n","protected":false},"excerpt":{"rendered":"<p>Ayd\u0131n\u2019\u0131n Efeler il\u00e7esinde meydana gelen ve bir ki\u015finin hayat\u0131n\u0131 kaybetti\u011fi silahl\u0131 kavga olay\u0131 ile ilgili teslim olan 3 \u015f\u00fcpheli emniyetteki i\u015flemlerinin ard\u0131ndan adliyeye sevk edildi. Olay, Mu\u011fla Bulvar\u0131 \u00fczerinde 29 Nisan Per\u015fembe g\u00fcn\u00fc meydana geldi. Edinilen bilgiye g\u00f6re, iki grup aras\u0131nda hen\u00fcz bilinmeyen bir nedenle tart\u0131\u015fma \u00e7\u0131kt\u0131. Tart\u0131\u015fman\u0131n kavgaya d\u00f6n\u00fc\u015fmesi \u00fczerine ya\u015fanan arbedede ate\u015flenen silahtan&#8230;<\/p>\n","protected":false},"author":1,"featured_media":99819,"comment_status":"open","ping_status":"open","sticky":false,"template":"","format":"standard","meta":{"_crdt_document":"","footnotes":""},"categories":[5],"tags":[],"class_list":["post-99818","post","type-post","status-publish","format-standard","has-post-thumbnail","hentry","category-asayis"],"_links":{"self":[{"href":"https:\/\/www.egemtv.com\/index.php?rest_route=\/wp\/v2\/posts\/99818","targetHints":{"allow":["GET"]}}],"collection":[{"href":"https:\/\/www.egemtv.com\/index.php?rest_route=\/wp\/v2\/posts"}],"about":[{"href":"https:\/\/www.egemtv.com\/index.php?rest_route=\/wp\/v2\/types\/post"}],"author":[{"embeddable":true,"href":"https:\/\/www.egemtv.com\/index.php?rest_route=\/wp\/v2\/users\/1"}],"replies":[{"embeddable":true,"href":"https:\/\/www.egemtv.com\/index.php?rest_route=%2Fwp%2Fv2%2Fcomments&post=99818"}],"version-history":[{"count":1,"href":"https:\/\/www.egemtv.com\/index.php?rest_route=\/wp\/v2\/posts\/99818\/revisions"}],"predecessor-version":[{"id":99820,"href":"https:\/\/www.egemtv.com\/index.php?rest_route=\/wp\/v2\/posts\/99818\/revisions\/99820"}],"wp:featuredmedia":[{"embeddable":true,"href":"https:\/\/www.egemtv.com\/index.php?rest_route=\/wp\/v2\/media\/99819"}],"wp:attachment":[{"href":"https:\/\/www.egemtv.com\/index.php?rest_route=%2Fwp%2Fv2%2Fmedia&parent=99818"}],"wp:term":[{"taxonomy":"category","embeddable":true,"href":"https:\/\/www.egemtv.com\/index.php?rest_route=%2Fwp%2Fv2%2Fcategories&post=99818"},{"taxonomy":"post_tag","embeddable":true,"href":"https:\/\/www.egemtv.com\/index.php?rest_route=%2Fwp%2Fv2%2Ftags&post=99818"}],"curies":[{"name":"wp","href":"https:\/\/api.w.org\/{rel}","templated":true}]}}