{"id":99815,"date":"2026-05-01T13:50:46","date_gmt":"2026-05-01T10:50:46","guid":{"rendered":"https:\/\/www.egemtv.com\/?p=99815"},"modified":"2026-05-01T13:50:47","modified_gmt":"2026-05-01T10:50:47","slug":"hisarcik-sehitler-ortaokulu-e-twinning-okulu-oldu","status":"publish","type":"post","link":"https:\/\/www.egemtv.com\/?p=99815","title":{"rendered":"Hisarc\u0131k \u015eehitler Ortaokulu e-Twinning Okulu oldu"},"content":{"rendered":"<p>K\u00fctahya Hisarc\u0131k \u015eehitler Ortaokulu Avrupa genelindeki en prestijli e\u011fitim unvanlar\u0131ndan biri olan &#8220;eTwinning Okulu&#8221; (eTwinning School) etiketini almaya hak kazanarak b\u00fcy\u00fck bir ba\u015far\u0131ya imza att\u0131.<br \/>\n<br \/>Sadece dijitalle\u015fmeyi de\u011fil, ayn\u0131 zamanda yenilik\u00e7i \u00f6\u011fretim y\u00f6ntemlerini, g\u00fcvenli internet kullan\u0131m\u0131n\u0131 ve i\u015f birlik\u00e7i \u00f6\u011frenmeyi rehber edinen \u015eehitler Ortaokulu, bu etiketiyle Avrupa\u2019n\u0131n \u00f6nc\u00fc okullar\u0131 aras\u0131ndaki yerini sa\u011flamla\u015ft\u0131rd\u0131. Bu ba\u015far\u0131n\u0131n sadece bir sertifikadan ibaret olmad\u0131\u011f\u0131n\u0131 s\u00f6yleyen Okul M\u00fcd\u00fcr\u00fc Al Osman K\u0131l\u0131\u00e7,&#8221; \u00d6\u011frencilerimizin Avrupa\u2019daki akranlar\u0131yla ortak projeler geli\u015ftirmesinin, farkl\u0131 k\u00fclt\u00fcrleri tan\u0131mas\u0131n\u0131n ve yabanc\u0131 dil becerilerini ger\u00e7ek hayatla ba\u011fda\u015ft\u0131rmas\u0131n\u0131n bir sonucudur. Okulumuz art\u0131k Avrupa \u00e7ap\u0131nda tan\u0131nan bir e\u011fitim kurumu olarak, uluslararas\u0131 platformlarda daha fazla s\u00f6z sahibi olacak ve yeni a\u011flar\u0131n kap\u0131s\u0131n\u0131 aralayacak. Bu s\u00fcre\u00e7te eme\u011fi ge\u00e7en t\u00fcm \u00f6\u011fretmenlerimize, heyecanla projelerini y\u00fcr\u00fcten \u00f6\u011frencilerimize ve desteklerini esirgemeyen velilerimize te\u015fekk\u00fcr ediyoruz. e-Twinning Okulu vizyonuyla, gelece\u011fin d\u00fcnyas\u0131na y\u00f6n verecek, donan\u0131ml\u0131 ve d\u00fcnya ile entegre bireyler yeti\u015ftirmeye kararl\u0131l\u0131kla devam edece\u011fiz. E\u011fitimde s\u0131n\u0131r tan\u0131m\u0131yoruz, Avrupa ile ba\u011flar\u0131m\u0131z\u0131 g\u00fc\u00e7lendiriyoruz&#8221; ifadelerine yer verdi.<br \/><\/p>\n","protected":false},"excerpt":{"rendered":"<p>K\u00fctahya Hisarc\u0131k \u015eehitler Ortaokulu Avrupa genelindeki en prestijli e\u011fitim unvanlar\u0131ndan biri olan &#8220;eTwinning Okulu&#8221; (eTwinning School) etiketini almaya hak kazanarak b\u00fcy\u00fck bir ba\u015far\u0131ya imza att\u0131. Sadece dijitalle\u015fmeyi de\u011fil, ayn\u0131 zamanda yenilik\u00e7i \u00f6\u011fretim y\u00f6ntemlerini, g\u00fcvenli internet kullan\u0131m\u0131n\u0131 ve i\u015f birlik\u00e7i \u00f6\u011frenmeyi rehber edinen \u015eehitler Ortaokulu, bu etiketiyle Avrupa\u2019n\u0131n \u00f6nc\u00fc okullar\u0131 aras\u0131ndaki yerini sa\u011flamla\u015ft\u0131rd\u0131. Bu ba\u015far\u0131n\u0131n sadece&#8230;<\/p>\n","protected":false},"author":1,"featured_media":99816,"comment_status":"open","ping_status":"open","sticky":false,"template":"","format":"standard","meta":{"_crdt_document":"","footnotes":""},"categories":[1],"tags":[],"class_list":["post-99815","post","type-post","status-publish","format-standard","has-post-thumbnail","hentry","category-guncel"],"_links":{"self":[{"href":"https:\/\/www.egemtv.com\/index.php?rest_route=\/wp\/v2\/posts\/99815","targetHints":{"allow":["GET"]}}],"collection":[{"href":"https:\/\/www.egemtv.com\/index.php?rest_route=\/wp\/v2\/posts"}],"about":[{"href":"https:\/\/www.egemtv.com\/index.php?rest_route=\/wp\/v2\/types\/post"}],"author":[{"embeddable":true,"href":"https:\/\/www.egemtv.com\/index.php?rest_route=\/wp\/v2\/users\/1"}],"replies":[{"embeddable":true,"href":"https:\/\/www.egemtv.com\/index.php?rest_route=%2Fwp%2Fv2%2Fcomments&post=99815"}],"version-history":[{"count":1,"href":"https:\/\/www.egemtv.com\/index.php?rest_route=\/wp\/v2\/posts\/99815\/revisions"}],"predecessor-version":[{"id":99817,"href":"https:\/\/www.egemtv.com\/index.php?rest_route=\/wp\/v2\/posts\/99815\/revisions\/99817"}],"wp:featuredmedia":[{"embeddable":true,"href":"https:\/\/www.egemtv.com\/index.php?rest_route=\/wp\/v2\/media\/99816"}],"wp:attachment":[{"href":"https:\/\/www.egemtv.com\/index.php?rest_route=%2Fwp%2Fv2%2Fmedia&parent=99815"}],"wp:term":[{"taxonomy":"category","embeddable":true,"href":"https:\/\/www.egemtv.com\/index.php?rest_route=%2Fwp%2Fv2%2Fcategories&post=99815"},{"taxonomy":"post_tag","embeddable":true,"href":"https:\/\/www.egemtv.com\/index.php?rest_route=%2Fwp%2Fv2%2Ftags&post=99815"}],"curies":[{"name":"wp","href":"https:\/\/api.w.org\/{rel}","templated":true}]}}