{"id":9981,"date":"2025-01-17T13:43:25","date_gmt":"2025-01-17T10:43:25","guid":{"rendered":"https:\/\/www.egemtv.com\/?p=9981"},"modified":"2025-01-17T13:43:29","modified_gmt":"2025-01-17T10:43:29","slug":"aydinda-son-1-yilda-61-bin-gence-ulasildi","status":"publish","type":"post","link":"https:\/\/www.egemtv.com\/?p=9981","title":{"rendered":"Ayd\u0131n\u2019da son 1 y\u0131lda 61 bin gence ula\u015f\u0131ld\u0131"},"content":{"rendered":"<p>Ge\u00e7ti\u011fimiz y\u0131l boyunca toplamda 2 bin 510 faaliyet ger\u00e7ekle\u015ftiren Ayd\u0131n Gen\u00e7lik Merkezi, 61 bin 645 gence ula\u015ft\u0131.<\/p>\n<p>Ayd\u0131n Gen\u00e7lik Merkezi, 2024 y\u0131l\u0131nda gen\u00e7lerin ki\u015fisel, sosyal ve toplumsal geli\u015fimini destekleyen \u00e7al\u0131\u015fmalar\u0131yla dikkat \u00e7ekiyor. Sportif, sanatsal ve k\u00fclt\u00fcrel faaliyetler sunan merkez, \u015fehirdeki gen\u00e7ler i\u00e7in yeni bir cazibe merkezi haline geldi. Ge\u00e7ti\u011fimiz y\u0131l boyunca toplamda 2 bin 510 faaliyet ger\u00e7ekle\u015ftiren merkez, 33 bin 243 \u00fcyesi ile 61 bin 645 gence ula\u015fmay\u0131 ba\u015fard\u0131. Gen\u00e7lik merkezinde h\u0131zl\u0131 okuma, robotik kodlama, dene-yap at\u00f6lyeleri, sanat, m\u00fczik ve spor gibi bir\u00e7ok alan\u0131 kapsayan \u00fcretim odakl\u0131 \u00e7al\u0131\u015fmalar ger\u00e7ekle\u015ftirildi. Bu faaliyetler sayesinde gen\u00e7ler hem bireysel hem de toplumsal sorumluluk alanlar\u0131nda geli\u015fim g\u00f6sterdi. Sokak hayvanlar\u0131na destek kampanyalar\u0131 ve okul duvar\u0131 renklendirme projeleri gibi etkinliklerle de toplumsal dayan\u0131\u015fma \u00f6ne \u00e7\u0131kar\u0131ld\u0131.<\/p>\n<p>\u2019\u00c7aya Geliyoruz\u2019 projesi ile \u00fcniversite \u00f6\u011frencileri ev ziyaretleri ger\u00e7ekle\u015ftirerek dayan\u0131\u015fma ruhunu peki\u015ftirirken, \u00d6SYM s\u0131navlar\u0131 sonras\u0131 toplanan kalem setleri de 50 k\u00f6y okulunda toplam 4 bin 500 \u00f6\u011frenciye ula\u015ft\u0131r\u0131ld\u0131.<\/p>\n<p>\u201c474 gen\u00e7, kamplardan yararland\u0131\u201d<br \/>\n<br \/>Ayd\u0131n Gen\u00e7lik Merkezi ad\u0131na Ege B\u00f6lgesi finalisti olan gen\u00e7ler, Ankara\u2019da ger\u00e7ekle\u015fen Uluslararas\u0131 Gen\u00e7lik K\u00fclt\u00fcr ve Sanat Festivali\u2019ne kat\u0131ld\u0131. Bunun yan\u0131 s\u0131ra, yaz okullar\u0131 faaliyetlerine 500 gen\u00e7 kat\u0131l\u0131rken, Medeniyet, Tarih ve K\u00fclt\u00fcr Kamplar\u0131 gibi farkl\u0131 temalarda toplam 474 gen\u00e7 \u00e7e\u015fitli kamplarda yer ald\u0131. Ayd\u0131n Gen\u00e7lik Merkezinde Deneyap At\u00f6lyesinde 160 \u00f6\u011frenci kat\u0131l\u0131m sa\u011flarken, Ayd\u0131n ilinden 12-25 ya\u015f aras\u0131 gen\u00e7ler farkl\u0131 illerde bulunan Gen\u00e7lik ve Spor Bakanl\u0131\u011f\u0131\u2019n\u0131n deniz ve do\u011fa temal\u0131 kamplar\u0131na 332 gen\u00e7, Medeniyet, Tarih ve  K\u00fclt\u00fcr  Kamplar\u0131na ise 142 gen\u00e7 kat\u0131l\u0131m g\u00f6sterdi.<\/p>\n<p>Ayr\u0131ca Ayd\u0131n Gen\u00e7lik Merkezi\u2019nden gen\u00e7lere y\u00f6nelik ger\u00e7ekle\u015ftirilen \u00e7al\u0131\u015fmalar\u0131n 2025 y\u0131l\u0131nda da aral\u0131ks\u0131z s\u00fcrece\u011fi belirtildi.<br \/><\/p>\n","protected":false},"excerpt":{"rendered":"<p>Ge\u00e7ti\u011fimiz y\u0131l boyunca toplamda 2 bin 510 faaliyet ger\u00e7ekle\u015ftiren Ayd\u0131n Gen\u00e7lik Merkezi, 61 bin 645 gence ula\u015ft\u0131. Ayd\u0131n Gen\u00e7lik Merkezi, 2024 y\u0131l\u0131nda gen\u00e7lerin ki\u015fisel, sosyal ve toplumsal geli\u015fimini destekleyen \u00e7al\u0131\u015fmalar\u0131yla dikkat \u00e7ekiyor. Sportif, sanatsal ve k\u00fclt\u00fcrel faaliyetler sunan merkez, \u015fehirdeki gen\u00e7ler i\u00e7in yeni bir cazibe merkezi haline geldi. Ge\u00e7ti\u011fimiz y\u0131l boyunca toplamda 2 bin 510&#8230;<\/p>\n","protected":false},"author":1,"featured_media":9982,"comment_status":"open","ping_status":"open","sticky":false,"template":"","format":"standard","meta":{"_crdt_document":"","footnotes":""},"categories":[1],"tags":[],"class_list":["post-9981","post","type-post","status-publish","format-standard","has-post-thumbnail","hentry","category-guncel"],"_links":{"self":[{"href":"https:\/\/www.egemtv.com\/index.php?rest_route=\/wp\/v2\/posts\/9981","targetHints":{"allow":["GET"]}}],"collection":[{"href":"https:\/\/www.egemtv.com\/index.php?rest_route=\/wp\/v2\/posts"}],"about":[{"href":"https:\/\/www.egemtv.com\/index.php?rest_route=\/wp\/v2\/types\/post"}],"author":[{"embeddable":true,"href":"https:\/\/www.egemtv.com\/index.php?rest_route=\/wp\/v2\/users\/1"}],"replies":[{"embeddable":true,"href":"https:\/\/www.egemtv.com\/index.php?rest_route=%2Fwp%2Fv2%2Fcomments&post=9981"}],"version-history":[{"count":1,"href":"https:\/\/www.egemtv.com\/index.php?rest_route=\/wp\/v2\/posts\/9981\/revisions"}],"predecessor-version":[{"id":9983,"href":"https:\/\/www.egemtv.com\/index.php?rest_route=\/wp\/v2\/posts\/9981\/revisions\/9983"}],"wp:featuredmedia":[{"embeddable":true,"href":"https:\/\/www.egemtv.com\/index.php?rest_route=\/wp\/v2\/media\/9982"}],"wp:attachment":[{"href":"https:\/\/www.egemtv.com\/index.php?rest_route=%2Fwp%2Fv2%2Fmedia&parent=9981"}],"wp:term":[{"taxonomy":"category","embeddable":true,"href":"https:\/\/www.egemtv.com\/index.php?rest_route=%2Fwp%2Fv2%2Fcategories&post=9981"},{"taxonomy":"post_tag","embeddable":true,"href":"https:\/\/www.egemtv.com\/index.php?rest_route=%2Fwp%2Fv2%2Ftags&post=9981"}],"curies":[{"name":"wp","href":"https:\/\/api.w.org\/{rel}","templated":true}]}}