{"id":99809,"date":"2026-05-01T12:40:47","date_gmt":"2026-05-01T09:40:47","guid":{"rendered":"https:\/\/www.egemtv.com\/?p=99809"},"modified":"2026-05-01T12:40:48","modified_gmt":"2026-05-01T09:40:48","slug":"aydinda-koyluler-tapularinin-yerlerinin-degistirildigi-gerekcesi-ile-hukuk-mucadelesi-baslatti","status":"publish","type":"post","link":"https:\/\/www.egemtv.com\/?p=99809","title":{"rendered":"Ayd\u0131n\u2019da k\u00f6yl\u00fcler tapular\u0131n\u0131n yerlerinin de\u011fi\u015ftirildi\u011fi gerek\u00e7esi ile hukuk m\u00fccadelesi ba\u015flatt\u0131"},"content":{"rendered":"<p>Ayd\u0131n\u2019\u0131n \u00c7ine il\u00e7esi ile Mu\u011fla\u2019n\u0131n Milas il\u00e7e s\u0131n\u0131rlar\u0131 aras\u0131nda kalan da\u011f\u0131n Develi mevkiinde ya\u015fayan vatanda\u015flar dedelerinden kalma tapulu arazilerin yerinin ak\u0131l almaz bir \u015fekilde de\u011fi\u015ftirildi\u011fini ileri s\u00fcrerek hukuk m\u00fccadelesi ba\u015flatt\u0131.  \u0130lgin\u00e7 olay b\u00f6lgede faaliyetlerini s\u00fcrd\u00fcren Kaltun Madencilik firmas\u0131n\u0131n hafriyat d\u00f6k\u00fcm sahas\u0131 olu\u015fturmak i\u00e7in ba\u015flatt\u0131\u011f\u0131 \u00e7al\u0131\u015fma ile ortaya \u00e7\u0131kt\u0131.<\/p>\n<p>Edinilen bilgiye g\u00f6re, Ayd\u0131n\u2019\u0131n \u00c7ine il\u00e7esi ile Mu\u011fla\u2019n\u0131n Milas il\u00e7esi aras\u0131nda madencilik faaliyeti y\u00fcr\u00fcten Kaltun Madencilik firmas\u0131 \u00c7ine Seferler Mahallesi\u2019ne ba\u011fl\u0131 Develiler mevkii yak\u0131nlar\u0131ndaki bir alanda hafriyat d\u00f6k\u00fcm sahas\u0131 olu\u015fturmak i\u00e7in \u00e7al\u0131\u015fma ba\u015flatt\u0131. Bu \u00e7al\u0131\u015fma \u00f6ncesi m\u00fclkiyeti Orman B\u00f6lge M\u00fcd\u00fcrl\u00fc\u011f\u00fc\u2019ne ait olup \u00fczerindeki f\u0131st\u0131k \u00e7amlar\u0131 sahipli olan a\u011fa\u00e7lar tespit edilip her a\u011fa\u00e7 ba\u015f\u0131na sahiplerine \u00f6denmek \u00fczere belli bir \u00fccret belirlendi. Bunun \u00fczerine orman ekipleri, kesilecek a\u011fa\u00e7lar\u0131 m\u00fch\u00fcrleyip alan\u0131 firmaya devrederek hafriyat d\u00f6k\u00fcm sahas\u0131 olacak alanda kesim \u00e7al\u0131\u015fmalar\u0131na ba\u015flad\u0131.<\/p>\n<p>&#8220;Tapusu olan baz\u0131 k\u00f6yl\u00fcler eylem ba\u015flatt\u0131&#8221;<br \/>\n<br \/>Ayn\u0131 zamanda k\u00f6yl\u00fclerin yaylak ve k\u00fcnar f\u0131st\u0131\u011f\u0131 \u00fcretim alan\u0131 olan b\u00f6lgede a\u011fa\u00e7lar\u0131n kesilmeye ba\u015fland\u0131\u011f\u0131n\u0131 g\u00f6ren k\u00f6yl\u00fcler atalar\u0131ndan kalma arazilerdeki a\u011fa\u00e7lar\u0131n da kesilece\u011fini \u00f6\u011frenince eylem ba\u015flatt\u0131. K\u00f6yl\u00fclerin eylem ve itirazlar\u0131 \u00fczerine Kaltun Madencilik firmas\u0131 ad\u0131na kesim i\u015flerini yapan ta\u015feron firma, itiraz edilen alanlarda kesime ara verip \u00e7al\u0131\u015fmalar\u0131n\u0131 ba\u015fka b\u00f6lgeye kayd\u0131rd\u0131. Kesim yap\u0131lacak alanda yakla\u015f\u0131k 1,5 as\u0131rdan bu yana ya\u015fad\u0131klar\u0131n\u0131 ve Cumhuriyet kurulduktan sonra \u00c7ine \u0130l\u00e7e Tapu M\u00fcd\u00fcrl\u00fc\u011f\u00fc taraf\u0131ndan dedelerine ya\u015fad\u0131\u011f\u0131 ve har\u0131m yapt\u0131\u011f\u0131 alanlar\u0131n tapusunun da verildi\u011fini belirten Develiler mevkiinden Arslan s\u00fclalesi, b\u00f6lgedeki tapularda anlayamad\u0131klar\u0131 bir \u015fekilde oynama yap\u0131ld\u0131\u011f\u0131n\u0131 ileri s\u00fcrd\u00fcler.<\/p>\n<p>Dedelerinin do\u011fup b\u00fcy\u00fcd\u00fc\u011f\u00fc eski ta\u015f evin \u00f6n\u00fcnde zaman\u0131nda \u00c7ine Tapu M\u00fcd\u00fcrl\u00fc\u011f\u00fc taraf\u0131ndan verilmi\u015f tapularla birlikte a\u00e7\u0131klama yapan Arslan Ailesi\u2019nin fertleri, &#8220;Burada b\u00fcy\u00fck dedemiz ya\u015fam\u0131\u015f. Ya\u015fad\u0131\u011f\u0131 ev de duvarla \u00e7evirdi\u011fi alan da belli. Ve devletimiz daha sonra dedeme buran\u0131n tapusunu vermi\u015f. Tapuda ev ve har\u0131m olarak da belirtiliyor. Yakla\u015f\u0131k 1 as\u0131rdan beri buras\u0131 bizim tapulu arazimiz idi. Kaltun Madencilik bu alana hafriyat d\u00f6k\u00fcm sahas\u0131 yapmak i\u00e7in ba\u015fvuruyor. Bizim tapulu arazimiz bir anda nas\u0131l oldu\u011funu da anlayamad\u0131\u011f\u0131m\u0131z bir \u015fekilde ba\u015fka bir yere kay\u0131yor. Durumdan ma\u011fduruz. Konuyla ilgili yarg\u0131ya ba\u015fvurduk. A\u011fa\u00e7lar\u0131m\u0131z\u0131n kesilmemesi ve tapulu arazimizin i\u015fgal edilmemesi i\u00e7in hukuk m\u00fccadelesi verece\u011fiz&#8221; diye konu\u015ftular.<\/p>\n<p>\u00c7ocuklu\u011funun yayladaki ta\u015f evde ge\u00e7ti\u011fini ve alan\u0131n babas\u0131ndan kald\u0131\u011f\u0131n\u0131 belirten 94 ya\u015f\u0131ndaki Salih Arslan ise firma taraf\u0131ndan hafriyat d\u00f6k\u00fcm sahas\u0131 olarak kullan\u0131lacak olan alan\u0131n kendilerine ait oldu\u011funu ve tapusu olan bir alan \u00fczerinde kendilerinin r\u0131zas\u0131 d\u0131\u015f\u0131nda bu \u015fekilde bir tasarruf olmas\u0131na anlam veremediklerini belirtti.<\/p>\n<p>&#8220;Yasaya ayk\u0131r\u0131 hi\u00e7bir i\u015flem yok&#8221;<br \/>\n<br \/>Yapt\u0131klar\u0131 her \u015feyi yasal \u00e7er\u00e7evede ger\u00e7ekle\u015ftirdiklerini belirten firma yetkilileri de kesim sahas\u0131nda itiraz olan alanlarda kesimi durdurduklar\u0131n\u0131 mahkeme sonu\u00e7lan\u0131ncaya kadar bekleyeceklerini belirttiler.<br \/><\/p>\n","protected":false},"excerpt":{"rendered":"<p>Ayd\u0131n\u2019\u0131n \u00c7ine il\u00e7esi ile Mu\u011fla\u2019n\u0131n Milas il\u00e7e s\u0131n\u0131rlar\u0131 aras\u0131nda kalan da\u011f\u0131n Develi mevkiinde ya\u015fayan vatanda\u015flar dedelerinden kalma tapulu arazilerin yerinin ak\u0131l almaz bir \u015fekilde de\u011fi\u015ftirildi\u011fini ileri s\u00fcrerek hukuk m\u00fccadelesi ba\u015flatt\u0131. \u0130lgin\u00e7 olay b\u00f6lgede faaliyetlerini s\u00fcrd\u00fcren Kaltun Madencilik firmas\u0131n\u0131n hafriyat d\u00f6k\u00fcm sahas\u0131 olu\u015fturmak i\u00e7in ba\u015flatt\u0131\u011f\u0131 \u00e7al\u0131\u015fma ile ortaya \u00e7\u0131kt\u0131. Edinilen bilgiye g\u00f6re, Ayd\u0131n\u2019\u0131n \u00c7ine il\u00e7esi ile&#8230;<\/p>\n","protected":false},"author":1,"featured_media":99810,"comment_status":"open","ping_status":"open","sticky":false,"template":"","format":"standard","meta":{"_crdt_document":"","footnotes":""},"categories":[5],"tags":[],"class_list":["post-99809","post","type-post","status-publish","format-standard","has-post-thumbnail","hentry","category-asayis"],"_links":{"self":[{"href":"https:\/\/www.egemtv.com\/index.php?rest_route=\/wp\/v2\/posts\/99809","targetHints":{"allow":["GET"]}}],"collection":[{"href":"https:\/\/www.egemtv.com\/index.php?rest_route=\/wp\/v2\/posts"}],"about":[{"href":"https:\/\/www.egemtv.com\/index.php?rest_route=\/wp\/v2\/types\/post"}],"author":[{"embeddable":true,"href":"https:\/\/www.egemtv.com\/index.php?rest_route=\/wp\/v2\/users\/1"}],"replies":[{"embeddable":true,"href":"https:\/\/www.egemtv.com\/index.php?rest_route=%2Fwp%2Fv2%2Fcomments&post=99809"}],"version-history":[{"count":1,"href":"https:\/\/www.egemtv.com\/index.php?rest_route=\/wp\/v2\/posts\/99809\/revisions"}],"predecessor-version":[{"id":99811,"href":"https:\/\/www.egemtv.com\/index.php?rest_route=\/wp\/v2\/posts\/99809\/revisions\/99811"}],"wp:featuredmedia":[{"embeddable":true,"href":"https:\/\/www.egemtv.com\/index.php?rest_route=\/wp\/v2\/media\/99810"}],"wp:attachment":[{"href":"https:\/\/www.egemtv.com\/index.php?rest_route=%2Fwp%2Fv2%2Fmedia&parent=99809"}],"wp:term":[{"taxonomy":"category","embeddable":true,"href":"https:\/\/www.egemtv.com\/index.php?rest_route=%2Fwp%2Fv2%2Fcategories&post=99809"},{"taxonomy":"post_tag","embeddable":true,"href":"https:\/\/www.egemtv.com\/index.php?rest_route=%2Fwp%2Fv2%2Ftags&post=99809"}],"curies":[{"name":"wp","href":"https:\/\/api.w.org\/{rel}","templated":true}]}}