{"id":99806,"date":"2026-05-01T12:40:46","date_gmt":"2026-05-01T09:40:46","guid":{"rendered":"https:\/\/www.egemtv.com\/?p=99806"},"modified":"2026-05-01T12:40:47","modified_gmt":"2026-05-01T09:40:47","slug":"aydinda-sokaklar-bizim-genclik-kupalari-icin-basvurular-basladi","status":"publish","type":"post","link":"https:\/\/www.egemtv.com\/?p=99806","title":{"rendered":"Ayd\u0131n\u2019da &#8220;Sokaklar Bizim&#8221; Gen\u00e7lik Kupalar\u0131 i\u00e7in ba\u015fvurular ba\u015flad\u0131"},"content":{"rendered":"<p>Ayd\u0131n\u2019da 19 May\u0131s etkinlikleri kapsam\u0131nda d\u00fczenlenecek 3&#215;3 basketbol ve 5&#215;5 futbol gen\u00e7lik kupalar\u0131 i\u00e7in ba\u015fvurular ba\u015flad\u0131.<\/p>\n<p>Ayd\u0131n\u2019da 19 May\u0131s Atat\u00fcrk\u2019\u00fc Anma, Gen\u00e7lik ve Spor Bayram\u0131 kapsam\u0131nda d\u00fczenlenecek Gen\u00e7lik Haftas\u0131 etkinlikleri \u00e7er\u00e7evesinde gen\u00e7lere y\u00f6nelik spor organizasyonlar\u0131 ger\u00e7ekle\u015ftirilecek. Gen\u00e7lik ve Spor \u0130l M\u00fcd\u00fcrl\u00fc\u011f\u00fc taraf\u0131ndan organize edilen etkinlikler kapsam\u0131nda bu y\u0131l 6.\u2019s\u0131 d\u00fczenlenecek &#8220;Sokaklar Bizim 3&#215;3 Basketbol Gen\u00e7lik Kupas\u0131&#8221; ile 3.\u2019s\u00fc ger\u00e7ekle\u015ftirilecek &#8220;Sokaklar Bizim 5&#215;5 Futbol Gen\u00e7lik Kupas\u0131&#8221; i\u00e7in haz\u0131rl\u0131klar ba\u015flad\u0131. 11-22 May\u0131s 2026 tarihleri aras\u0131nda yap\u0131lacak m\u00fcsabakalara, 2008-2009 do\u011fumlu kad\u0131n ve erkek sporcular kat\u0131labilecek. Organizasyonlarda gen\u00e7lerin sporla bulu\u015fturulmas\u0131 ve sosyal etkile\u015fimin art\u0131r\u0131lmas\u0131 hedefleniyor. Ba\u015fvurular\u0131n e-Devlet sistemi \u00fczerinden veya en yak\u0131n Gen\u00e7lik ve Spor il\/il\u00e7e m\u00fcd\u00fcrl\u00fcklerine yap\u0131labilece\u011fi belirtilirken, son ba\u015fvuru tarihinin 5 May\u0131s 2026 oldu\u011fu bildirildi.<br \/><\/p>\n","protected":false},"excerpt":{"rendered":"<p>Ayd\u0131n\u2019da 19 May\u0131s etkinlikleri kapsam\u0131nda d\u00fczenlenecek 3&#215;3 basketbol ve 5&#215;5 futbol gen\u00e7lik kupalar\u0131 i\u00e7in ba\u015fvurular ba\u015flad\u0131. Ayd\u0131n\u2019da 19 May\u0131s Atat\u00fcrk\u2019\u00fc Anma, Gen\u00e7lik ve Spor Bayram\u0131 kapsam\u0131nda d\u00fczenlenecek Gen\u00e7lik Haftas\u0131 etkinlikleri \u00e7er\u00e7evesinde gen\u00e7lere y\u00f6nelik spor organizasyonlar\u0131 ger\u00e7ekle\u015ftirilecek. Gen\u00e7lik ve Spor \u0130l M\u00fcd\u00fcrl\u00fc\u011f\u00fc taraf\u0131ndan organize edilen etkinlikler kapsam\u0131nda bu y\u0131l 6.\u2019s\u0131 d\u00fczenlenecek &#8220;Sokaklar Bizim 3&#215;3 Basketbol Gen\u00e7lik&#8230;<\/p>\n","protected":false},"author":1,"featured_media":99807,"comment_status":"open","ping_status":"open","sticky":false,"template":"","format":"standard","meta":{"_crdt_document":"","footnotes":""},"categories":[4],"tags":[],"class_list":["post-99806","post","type-post","status-publish","format-standard","has-post-thumbnail","hentry","category-spor"],"_links":{"self":[{"href":"https:\/\/www.egemtv.com\/index.php?rest_route=\/wp\/v2\/posts\/99806","targetHints":{"allow":["GET"]}}],"collection":[{"href":"https:\/\/www.egemtv.com\/index.php?rest_route=\/wp\/v2\/posts"}],"about":[{"href":"https:\/\/www.egemtv.com\/index.php?rest_route=\/wp\/v2\/types\/post"}],"author":[{"embeddable":true,"href":"https:\/\/www.egemtv.com\/index.php?rest_route=\/wp\/v2\/users\/1"}],"replies":[{"embeddable":true,"href":"https:\/\/www.egemtv.com\/index.php?rest_route=%2Fwp%2Fv2%2Fcomments&post=99806"}],"version-history":[{"count":1,"href":"https:\/\/www.egemtv.com\/index.php?rest_route=\/wp\/v2\/posts\/99806\/revisions"}],"predecessor-version":[{"id":99808,"href":"https:\/\/www.egemtv.com\/index.php?rest_route=\/wp\/v2\/posts\/99806\/revisions\/99808"}],"wp:featuredmedia":[{"embeddable":true,"href":"https:\/\/www.egemtv.com\/index.php?rest_route=\/wp\/v2\/media\/99807"}],"wp:attachment":[{"href":"https:\/\/www.egemtv.com\/index.php?rest_route=%2Fwp%2Fv2%2Fmedia&parent=99806"}],"wp:term":[{"taxonomy":"category","embeddable":true,"href":"https:\/\/www.egemtv.com\/index.php?rest_route=%2Fwp%2Fv2%2Fcategories&post=99806"},{"taxonomy":"post_tag","embeddable":true,"href":"https:\/\/www.egemtv.com\/index.php?rest_route=%2Fwp%2Fv2%2Ftags&post=99806"}],"curies":[{"name":"wp","href":"https:\/\/api.w.org\/{rel}","templated":true}]}}