{"id":99803,"date":"2026-05-01T12:40:44","date_gmt":"2026-05-01T09:40:44","guid":{"rendered":"https:\/\/www.egemtv.com\/?p=99803"},"modified":"2026-05-01T12:40:45","modified_gmt":"2026-05-01T09:40:45","slug":"tarim-ve-orman-il-mudurlugu-tarafindan-koordinasyon-toplantisi-yapildi","status":"publish","type":"post","link":"https:\/\/www.egemtv.com\/?p=99803","title":{"rendered":"Tar\u0131m ve Orman \u0130l M\u00fcd\u00fcrl\u00fc\u011f\u00fc taraf\u0131ndan koordinasyon toplant\u0131s\u0131 yap\u0131ld\u0131"},"content":{"rendered":"<p>Afyonkarahisar Tar\u0131m ve Orman \u0130l M\u00fcd\u00fcrl\u00fc\u011f\u00fc taraf\u0131ndan koordinasyon toplant\u0131s\u0131 ger\u00e7ekle\u015ftirildi.<br \/>\n<br \/>Toplant\u0131n\u0131n Afyonkarahisar Tar\u0131m Kredi Kooperatifi ev sahipli\u011finde yap\u0131ld\u0131\u011f\u0131 belirtildi. Toplant\u0131n\u0131n ard\u0131ndan Tar\u0131m ve Orman \u0130l M\u00fcd\u00fcrl\u00fc\u011f\u00fcnden yap\u0131lan a\u00e7\u0131klamada, &#8220;Bakanl\u0131\u011f\u0131m\u0131za ba\u011fl\u0131 ilimizde faaliyet g\u00f6steren ta\u015fra birimleri aras\u0131nda koordinasyonun g\u00fc\u00e7lendirilmesi, kurumlar aras\u0131 i\u015f birli\u011finin art\u0131r\u0131lmas\u0131 ve y\u00fcr\u00fct\u00fclen \u00e7al\u0131\u015fmalar\u0131n de\u011ferlendirilmesi amac\u0131yla Koordinasyon ve De\u011ferlendirme Toplant\u0131lar\u0131 her ay d\u00fczenli olarak ger\u00e7ekle\u015ftirilmektedir. Bu \u00e7er\u00e7evede nisan ay\u0131 koordinasyon ve de\u011ferlendirme toplant\u0131s\u0131 Afyonkarahisar Tar\u0131m Kredi Kooperatifi koordinesinde ger\u00e7ekle\u015ftirildi.<br \/>\n<br \/>Kurumlar aras\u0131 i\u015f birli\u011fi \u00e7er\u00e7evesinde y\u00fcr\u00fct\u00fclebilecek \u00e7al\u0131\u015fmalar, devam eden faaliyetler ve ortak \u00e7al\u0131\u015fma alanlar\u0131 de\u011ferlendirilerek kar\u015f\u0131l\u0131kl\u0131 g\u00f6r\u00fc\u015f ve bilgi al\u0131\u015fveri\u015finde bulunulmu\u015ftur&#8221; ifadelerine yer verildi.<br \/><\/p>\n","protected":false},"excerpt":{"rendered":"<p>Afyonkarahisar Tar\u0131m ve Orman \u0130l M\u00fcd\u00fcrl\u00fc\u011f\u00fc taraf\u0131ndan koordinasyon toplant\u0131s\u0131 ger\u00e7ekle\u015ftirildi. Toplant\u0131n\u0131n Afyonkarahisar Tar\u0131m Kredi Kooperatifi ev sahipli\u011finde yap\u0131ld\u0131\u011f\u0131 belirtildi. Toplant\u0131n\u0131n ard\u0131ndan Tar\u0131m ve Orman \u0130l M\u00fcd\u00fcrl\u00fc\u011f\u00fcnden yap\u0131lan a\u00e7\u0131klamada, &#8220;Bakanl\u0131\u011f\u0131m\u0131za ba\u011fl\u0131 ilimizde faaliyet g\u00f6steren ta\u015fra birimleri aras\u0131nda koordinasyonun g\u00fc\u00e7lendirilmesi, kurumlar aras\u0131 i\u015f birli\u011finin art\u0131r\u0131lmas\u0131 ve y\u00fcr\u00fct\u00fclen \u00e7al\u0131\u015fmalar\u0131n de\u011ferlendirilmesi amac\u0131yla Koordinasyon ve De\u011ferlendirme Toplant\u0131lar\u0131 her ay d\u00fczenli&#8230;<\/p>\n","protected":false},"author":1,"featured_media":99804,"comment_status":"open","ping_status":"open","sticky":false,"template":"","format":"standard","meta":{"_crdt_document":"","footnotes":""},"categories":[1],"tags":[],"class_list":["post-99803","post","type-post","status-publish","format-standard","has-post-thumbnail","hentry","category-guncel"],"_links":{"self":[{"href":"https:\/\/www.egemtv.com\/index.php?rest_route=\/wp\/v2\/posts\/99803","targetHints":{"allow":["GET"]}}],"collection":[{"href":"https:\/\/www.egemtv.com\/index.php?rest_route=\/wp\/v2\/posts"}],"about":[{"href":"https:\/\/www.egemtv.com\/index.php?rest_route=\/wp\/v2\/types\/post"}],"author":[{"embeddable":true,"href":"https:\/\/www.egemtv.com\/index.php?rest_route=\/wp\/v2\/users\/1"}],"replies":[{"embeddable":true,"href":"https:\/\/www.egemtv.com\/index.php?rest_route=%2Fwp%2Fv2%2Fcomments&post=99803"}],"version-history":[{"count":1,"href":"https:\/\/www.egemtv.com\/index.php?rest_route=\/wp\/v2\/posts\/99803\/revisions"}],"predecessor-version":[{"id":99805,"href":"https:\/\/www.egemtv.com\/index.php?rest_route=\/wp\/v2\/posts\/99803\/revisions\/99805"}],"wp:featuredmedia":[{"embeddable":true,"href":"https:\/\/www.egemtv.com\/index.php?rest_route=\/wp\/v2\/media\/99804"}],"wp:attachment":[{"href":"https:\/\/www.egemtv.com\/index.php?rest_route=%2Fwp%2Fv2%2Fmedia&parent=99803"}],"wp:term":[{"taxonomy":"category","embeddable":true,"href":"https:\/\/www.egemtv.com\/index.php?rest_route=%2Fwp%2Fv2%2Fcategories&post=99803"},{"taxonomy":"post_tag","embeddable":true,"href":"https:\/\/www.egemtv.com\/index.php?rest_route=%2Fwp%2Fv2%2Ftags&post=99803"}],"curies":[{"name":"wp","href":"https:\/\/api.w.org\/{rel}","templated":true}]}}