{"id":99797,"date":"2026-05-01T12:40:42","date_gmt":"2026-05-01T09:40:42","guid":{"rendered":"https:\/\/www.egemtv.com\/?p=99797"},"modified":"2026-05-01T12:40:43","modified_gmt":"2026-05-01T09:40:43","slug":"otomobilin-motosikletle-carpistigi-kaza-guvenlik-kamerasinda","status":"publish","type":"post","link":"https:\/\/www.egemtv.com\/?p=99797","title":{"rendered":"Otomobilin motosikletle \u00e7arp\u0131\u015ft\u0131\u011f\u0131 kaza g\u00fcvenlik kameras\u0131nda"},"content":{"rendered":"<p>Afyonkarahisar\u2019da otomobilin ile motosikletin \u00e7arp\u0131\u015ft\u0131\u011f\u0131 ve 1 ki\u015finin yaraland\u0131\u011f\u0131 trafik kazas\u0131 g\u00fcvenlik kameralar\u0131na yans\u0131rken, olayda 1 ki\u015fi yaraland\u0131.<br \/>\n<br \/>Kaza, Emirda\u011f il\u00e7esi Sebze Pazar\u0131 yak\u0131nlar\u0131nda meydana geldi. Edinilen bilgilere g\u00f6re, 07 BPS 219 plakal\u0131 otomobil d\u00f6nem istedi\u011fi s\u0131rada yolun sa\u011f taraf\u0131ndan gelen motosiklet ile \u00e7arp\u0131\u015ft\u0131. G\u00fcvenlik kameralar\u0131n\u0131n da kaydetti\u011fi olayda otomobille \u00e7arp\u0131\u015fan motosikletin s\u00fcr\u00fcc\u00fcs\u00fcn\u00fcn \u00e7arp\u0131\u015fman\u0131n etkisi ile yere d\u00fc\u015ft\u00fc\u011f\u00fc g\u00f6zlendi. Kazan\u0131n ard\u0131ndan \u00e7evredekilerin haber vermesi ile olay yerine gelen ambulansla yaralanan s\u00fcr\u00fcc\u00fc hastaneye kald\u0131r\u0131ld\u0131.<br \/>\n<br \/>Kazan\u0131n ard\u0131ndan polis taraf\u0131ndan inceleme ba\u015flat\u0131ld\u0131.<br \/><\/p>\n","protected":false},"excerpt":{"rendered":"<p>Afyonkarahisar\u2019da otomobilin ile motosikletin \u00e7arp\u0131\u015ft\u0131\u011f\u0131 ve 1 ki\u015finin yaraland\u0131\u011f\u0131 trafik kazas\u0131 g\u00fcvenlik kameralar\u0131na yans\u0131rken, olayda 1 ki\u015fi yaraland\u0131. Kaza, Emirda\u011f il\u00e7esi Sebze Pazar\u0131 yak\u0131nlar\u0131nda meydana geldi. Edinilen bilgilere g\u00f6re, 07 BPS 219 plakal\u0131 otomobil d\u00f6nem istedi\u011fi s\u0131rada yolun sa\u011f taraf\u0131ndan gelen motosiklet ile \u00e7arp\u0131\u015ft\u0131. G\u00fcvenlik kameralar\u0131n\u0131n da kaydetti\u011fi olayda otomobille \u00e7arp\u0131\u015fan motosikletin s\u00fcr\u00fcc\u00fcs\u00fcn\u00fcn \u00e7arp\u0131\u015fman\u0131n etkisi&#8230;<\/p>\n","protected":false},"author":1,"featured_media":99798,"comment_status":"open","ping_status":"open","sticky":false,"template":"","format":"standard","meta":{"_crdt_document":"","footnotes":""},"categories":[5],"tags":[],"class_list":["post-99797","post","type-post","status-publish","format-standard","has-post-thumbnail","hentry","category-asayis"],"_links":{"self":[{"href":"https:\/\/www.egemtv.com\/index.php?rest_route=\/wp\/v2\/posts\/99797","targetHints":{"allow":["GET"]}}],"collection":[{"href":"https:\/\/www.egemtv.com\/index.php?rest_route=\/wp\/v2\/posts"}],"about":[{"href":"https:\/\/www.egemtv.com\/index.php?rest_route=\/wp\/v2\/types\/post"}],"author":[{"embeddable":true,"href":"https:\/\/www.egemtv.com\/index.php?rest_route=\/wp\/v2\/users\/1"}],"replies":[{"embeddable":true,"href":"https:\/\/www.egemtv.com\/index.php?rest_route=%2Fwp%2Fv2%2Fcomments&post=99797"}],"version-history":[{"count":1,"href":"https:\/\/www.egemtv.com\/index.php?rest_route=\/wp\/v2\/posts\/99797\/revisions"}],"predecessor-version":[{"id":99799,"href":"https:\/\/www.egemtv.com\/index.php?rest_route=\/wp\/v2\/posts\/99797\/revisions\/99799"}],"wp:featuredmedia":[{"embeddable":true,"href":"https:\/\/www.egemtv.com\/index.php?rest_route=\/wp\/v2\/media\/99798"}],"wp:attachment":[{"href":"https:\/\/www.egemtv.com\/index.php?rest_route=%2Fwp%2Fv2%2Fmedia&parent=99797"}],"wp:term":[{"taxonomy":"category","embeddable":true,"href":"https:\/\/www.egemtv.com\/index.php?rest_route=%2Fwp%2Fv2%2Fcategories&post=99797"},{"taxonomy":"post_tag","embeddable":true,"href":"https:\/\/www.egemtv.com\/index.php?rest_route=%2Fwp%2Fv2%2Ftags&post=99797"}],"curies":[{"name":"wp","href":"https:\/\/api.w.org\/{rel}","templated":true}]}}